{"id":17399,"date":"2022-12-04T16:45:48","date_gmt":"2022-12-04T16:45:48","guid":{"rendered":"http:\/\/lahora.mx\/?p=17399"},"modified":"2022-12-04T16:45:48","modified_gmt":"2022-12-04T16:45:48","slug":"si-el-pri-cede-se-acaba-va-por-mexico-reforma-electoral-no-debe-pasar-menciona-santiago-creel","status":"publish","type":"post","link":"https:\/\/lahora.mx\/index.php\/2022\/12\/04\/si-el-pri-cede-se-acaba-va-por-mexico-reforma-electoral-no-debe-pasar-menciona-santiago-creel\/","title":{"rendered":"Si el PRI cede, se acaba Va por M\u00e9xico; reforma electoral no debe pasar, menciona Santiago Creel"},"content":{"rendered":"\n<p>El voto del PRI en contra de la reforma electoral definir\u00e1 si la alianza opositora Va por M\u00e9xico puede ganar los comicios del pr\u00f3ximo a\u00f1o en el Edomex y Coahuila, as\u00ed como derrotar a Morena en la elecci\u00f3n presidencial en 2024, asegur\u00f3 Santiago Creel, presidente de la C\u00e1mara de Diputados.<\/p>\n\n\n\n<p>\u201cSi ganamos el Estado de M\u00e9xico, que es posible, reforzamos a la alianza Va por M\u00e9xico, y la alianza puede ponerse en disposici\u00f3n del 2024, y eso lo sabe Alito el pol\u00edtico, Alejandro Moreno, el pol\u00edtico. Si \u00e9l cede el martes, sabe que eso se acaba\u201d, sostuvo el diputado panista.<\/p>\n\n\n\n<p>Durante un foro en el marco de la FIL Guadalajara, record\u00f3 que la pr\u00f3xima semana se discutir\u00e1 en el pleno de la C\u00e1mara de Diputados la propuesta del Ejecutivo federal para transformar el sistema electoral mexicano. El dictamen es rechazado por el PAN, PRI, PRD, MC, y ha generado inconformidad en los aliados de Morena: el PT y el Verde Ecologista.<\/p>\n\n\n\n<p>Para el panista la propuesta es \u201cuna vil captura del sistema electoral a trav\u00e9s de la figura plurinominal y del \u00f3rgano electoral con la elecci\u00f3n de los consejeros\u201d.<\/p>\n\n\n\n<p>Creel advirti\u00f3 que en esa votaci\u00f3n hay mucho m\u00e1s en juego. \u201cLa alianza del Estado de M\u00e9xico y de Coahuila es la vida del PRI y de todo el grupo pol\u00edtico; es la vida de sus futuros diputados, senadores, gobernadores, es la vida de un partido pol\u00edtico. Y esto hay que verlo en un marco m\u00e1s amplio\u201d, se\u00f1al\u00f3.<\/p>\n\n\n\n<p>Respecto a la amenaza de Morena para acelerar el desafuero contra Alito, acusado de enriquecimiento il\u00edcito por parte de la Fiscal\u00eda General de Campeche, asegur\u00f3 que la oposici\u00f3n no est\u00e1 manca y el oficialismo se topar\u00e1 con pared, pues en la Secci\u00f3n Instructora, instancia que debe aprobar el proceso contra el priista, hay dos legisladores de oposici\u00f3n (PAN y PRI) y dos de Morena, generando un contrapeso.<\/p>\n\n\n\n<p>\u201cNo estamos mancos. Un desafuero requiere pasar, porque es la amenaza que hizo Morena, que iba a desaforar a Alejandro Moreno; no estamos mancos. Los desafueros los pide el Ministerio P\u00fablico a la C\u00e1mara de Diputados y eso tiene que pasar a una instancia que se llama Secci\u00f3n Instructora, y ah\u00ed estamos empatados. Son cuatro integrantes, nosotros tenemos dos y ellos dos. Se van a topar con pared\u201d, adelant\u00f3 Creel.<\/p>\n\n\n\n<p>PAN da ultim\u00e1tum al PRI para hacer alianza<\/p>\n\n\n\n<p>De su voto por la defensa de la democracia depende que vayan juntos en Coahuila, Edomex y 2024, advierte Creel Miranda.<\/p>\n\n\n\n<p>El presidente de la Mesa Directiva de la C\u00e1mara de Diputados y diputado del PAN, Santiago Creel Miranda, asegur\u00f3 que de la votaci\u00f3n del PRI en contra de la reforma electoral depender\u00e1 la alianza Va por M\u00e9xico para ganar las elecciones de la renovaci\u00f3n de gubernaturas en Coahuila y Estado de M\u00e9xico en 2023 y derrotar a Morena rumbo a la sucesi\u00f3n presidencial en 2024.<\/p>\n\n\n\n<p>Al participar en la Feria del Libro de Guadalajara, el legislador federal de Acci\u00f3n Nacional, expuso que el voto para la defensa de la democracia ante la reforma electoral, tambi\u00e9n tendr\u00e1 una repercusi\u00f3n pol\u00edtica a futuro, y que el mismo presidente y diputado del PRI, Alejandro Moreno C\u00e1rdenas, lo sabe.<\/p>\n\n\n\n<p>\u201cSi ganamos el Estado de M\u00e9xico que es posible, reforzamos a la alianza Va por M\u00e9xico, y la Alianza puede ponerse en disposici\u00f3n del 24, y eso lo sabe Alito, el pol\u00edtico, Alejandro Moreno, el pol\u00edtico. Si \u00e9l cede el martes, sabe que eso se acaba\u201d, sostuvo.<\/p>\n\n\n\n<p>Ante la amenaza reciente de Morena por acelerar el juicio de desafuero contra Alejandro Moreno por presunto enriquecimiento il\u00edcito que present\u00f3 la Fiscal\u00eda General de Campeche, Santiago Creel manifest\u00f3 que Morena \u201cse va topar con pared\u201d, pues en la Secci\u00f3n Instructora hay dos legisladores de oposici\u00f3n (PAN y PRI) y de Morena dos, generando un contrapeso.<\/p>\n\n\n\n<p>\u201cNo estamos mancos. Un desafuero requiere pasar, porque es la amenaza que hizo Morena, que iba a desaforar a Alejandro Moreno, no estamos mancos. Los desafueros los pide el Ministerio P\u00fablico a la C\u00e1mara de Diputados, y eso tiene que pasar a una instancia que se llama Secci\u00f3n Instructora, y ah\u00ed estamos empatados. Son cuatro integrantes, nosotros tenemos dos y ellos dos. Se van a topar con pared\u201d, anunci\u00f3.<\/p>\n\n\n\n<p>El exsecretario de Gobernaci\u00f3n reconoci\u00f3 que al interior de su bancada tambi\u00e9n existen amenazas por parte de los morenistas, sin embargo, no ceder\u00e1n a las presiones pol\u00edticas y har\u00e1n uso del empate al interior de la Secci\u00f3n Instructora.<\/p>\n\n\n\n<p>\u201cVamos a dar la batalla en la Secci\u00f3n Instructora. Tenemos igualmente amenazas con los nuestros, si ellos deciden activar esas amenazas empate pierde\u201d, sostuvo.<\/p>\n\n\n\n<p>En foro para hablar de la reforma electoral, el panista asegur\u00f3 que la propuesta de reforma electoral del presidente Andr\u00e9s Manuel L\u00f3pez Obrador es \u201cuna vil captura del sistema electoral trav\u00e9s de la figura plurinominal y del \u00f3rgano electoral con la elecci\u00f3n de los consejeros\u201d.<\/p>\n\n\n\n<p>Para el pr\u00f3ximo martes, de acuerdo con el coordinador de Morena en San L\u00e1zaro, Ignacio Mier Velazco, se prev\u00e9 que inicie la discusi\u00f3n en pleno de la reforma electoral del jefe del Ejecutivo, que es rechazada por el PAN, PRI, PRD, MC y ha generado inconformidad en sus mismos aliados del PT y el Verde Ecologista.<\/p>\n","protected":false},"excerpt":{"rendered":"<p>El voto del PRI en contra de la reforma electoral definir\u00e1 si la alianza opositora Va por M\u00e9xico puede ganar los comicios del pr\u00f3ximo a\u00f1o en el Edomex y Coahuila, as\u00ed como derrotar a Morena en la elecci\u00f3n presidencial en 2024, asegur\u00f3 Santiago Creel, presidente de la C\u00e1mara de Diputados. \u201cSi ganamos el Estado de [&hellip;]<\/p>\n","protected":false},"author":4,"featured_media":17400,"comment_status":"open","ping_status":"open","sticky":false,"template":"","format":"standard","meta":{"om_disable_all_campaigns":false,"_monsterinsights_skip_tracking":false,"_monsterinsights_sitenote_active":false,"_monsterinsights_sitenote_note":"","_monsterinsights_sitenote_category":0,"footnotes":""},"categories":[176],"tags":[],"class_list":["post-17399","post","type-post","status-publish","format-standard","has-post-thumbnail","hentry","category-nacional"],"amp_enabled":true,"_links":{"self":[{"href":"https:\/\/lahora.mx\/index.php\/wp-json\/wp\/v2\/posts\/17399","targetHints":{"allow":["GET"]}}],"collection":[{"href":"https:\/\/lahora.mx\/index.php\/wp-json\/wp\/v2\/posts"}],"about":[{"href":"https:\/\/lahora.mx\/index.php\/wp-json\/wp\/v2\/types\/post"}],"author":[{"embeddable":true,"href":"https:\/\/lahora.mx\/index.php\/wp-json\/wp\/v2\/users\/4"}],"replies":[{"embeddable":true,"href":"https:\/\/lahora.mx\/index.php\/wp-json\/wp\/v2\/comments?post=17399"}],"version-history":[{"count":1,"href":"https:\/\/lahora.mx\/index.php\/wp-json\/wp\/v2\/posts\/17399\/revisions"}],"predecessor-version":[{"id":17401,"href":"https:\/\/lahora.mx\/index.php\/wp-json\/wp\/v2\/posts\/17399\/revisions\/17401"}],"wp:featuredmedia":[{"embeddable":true,"href":"https:\/\/lahora.mx\/index.php\/wp-json\/wp\/v2\/media\/17400"}],"wp:attachment":[{"href":"https:\/\/lahora.mx\/index.php\/wp-json\/wp\/v2\/media?parent=17399"}],"wp:term":[{"taxonomy":"category","embeddable":true,"href":"https:\/\/lahora.mx\/index.php\/wp-json\/wp\/v2\/categories?post=17399"},{"taxonomy":"post_tag","embeddable":true,"href":"https:\/\/lahora.mx\/index.php\/wp-json\/wp\/v2\/tags?post=17399"}],"curies":[{"name":"wp","href":"https:\/\/api.w.org\/{rel}","templated":true}]}}