{"id":17350,"date":"2022-12-02T16:57:22","date_gmt":"2022-12-02T16:57:22","guid":{"rendered":"http:\/\/lahora.mx\/?p=17350"},"modified":"2022-12-02T16:57:23","modified_gmt":"2022-12-02T16:57:23","slug":"a-la-alza-la-extorsion-robo-a-negocio-y-a-transportistas-en-veracruz","status":"publish","type":"post","link":"https:\/\/lahora.mx\/index.php\/2022\/12\/02\/a-la-alza-la-extorsion-robo-a-negocio-y-a-transportistas-en-veracruz\/","title":{"rendered":"A la alza la extorsi\u00f3n, robo a negocio y a transportistas en Veracruz"},"content":{"rendered":"\n<p>El almirante Jos\u00e9 Rafael Ojeda Dur\u00e1n, titular de la Secretar\u00eda de Marina dio a conocer en la conferencia ma\u00f1anera del presidente Andr\u00e9s Manuel L\u00f3pez Obrador, las cifras de seguridad que se tienen del estado de Veracruz.<\/p>\n\n\n\n<p>El funcionario se\u00f1al\u00f3 que los delitos de extorsi\u00f3n, robo a transportista y robo en transporte se encuentran al alza en el estado de Veracruz. Por cierto, el il\u00edcito de extorsi\u00f3n ocupa el s\u00e9ptimo lugar en la media nacional.<\/p>\n\n\n\n<p>Las cifras, detall\u00f3, son de diciembre del a\u00f1o 2018 a octubre de 2022.<\/p>\n\n\n\n<p>En m\u00e1s detalles se inform\u00f3 que el delito de secuestro va a la baja en la entidad, as\u00ed como el feminicidio, el cual, por cierto, ocupa el sexto lugar en la media nacional.<\/p>\n\n\n\n<p>Ojeda Dur\u00e1n tambi\u00e9n se\u00f1al\u00f3 que el robo a negocio ha crecido y es una constante con 448 casos en octubre, el robo a transe\u00fante ocupa el doceavo lugar y tambi\u00e9n es una constante.<\/p>\n\n\n\n<p>Respecto al homicidio doloso, el estado ocupa en puesto 18 con respecto a la media nacional y las cifras indican que decreci\u00f3.<\/p>\n","protected":false},"excerpt":{"rendered":"<p>El almirante Jos\u00e9 Rafael Ojeda Dur\u00e1n, titular de la Secretar\u00eda de Marina dio a conocer en la conferencia ma\u00f1anera del presidente Andr\u00e9s Manuel L\u00f3pez Obrador, las cifras de seguridad que se tienen del estado de Veracruz. El funcionario se\u00f1al\u00f3 que los delitos de extorsi\u00f3n, robo a transportista y robo en transporte se encuentran al alza [&hellip;]<\/p>\n","protected":false},"author":4,"featured_media":17351,"comment_status":"open","ping_status":"open","sticky":false,"template":"","format":"standard","meta":{"om_disable_all_campaigns":false,"_monsterinsights_skip_tracking":false,"_monsterinsights_sitenote_active":false,"_monsterinsights_sitenote_note":"","_monsterinsights_sitenote_category":0,"footnotes":""},"categories":[176],"tags":[195],"class_list":["post-17350","post","type-post","status-publish","format-standard","has-post-thumbnail","hentry","category-nacional","tag-principal"],"amp_enabled":true,"_links":{"self":[{"href":"https:\/\/lahora.mx\/index.php\/wp-json\/wp\/v2\/posts\/17350","targetHints":{"allow":["GET"]}}],"collection":[{"href":"https:\/\/lahora.mx\/index.php\/wp-json\/wp\/v2\/posts"}],"about":[{"href":"https:\/\/lahora.mx\/index.php\/wp-json\/wp\/v2\/types\/post"}],"author":[{"embeddable":true,"href":"https:\/\/lahora.mx\/index.php\/wp-json\/wp\/v2\/users\/4"}],"replies":[{"embeddable":true,"href":"https:\/\/lahora.mx\/index.php\/wp-json\/wp\/v2\/comments?post=17350"}],"version-history":[{"count":1,"href":"https:\/\/lahora.mx\/index.php\/wp-json\/wp\/v2\/posts\/17350\/revisions"}],"predecessor-version":[{"id":17352,"href":"https:\/\/lahora.mx\/index.php\/wp-json\/wp\/v2\/posts\/17350\/revisions\/17352"}],"wp:featuredmedia":[{"embeddable":true,"href":"https:\/\/lahora.mx\/index.php\/wp-json\/wp\/v2\/media\/17351"}],"wp:attachment":[{"href":"https:\/\/lahora.mx\/index.php\/wp-json\/wp\/v2\/media?parent=17350"}],"wp:term":[{"taxonomy":"category","embeddable":true,"href":"https:\/\/lahora.mx\/index.php\/wp-json\/wp\/v2\/categories?post=17350"},{"taxonomy":"post_tag","embeddable":true,"href":"https:\/\/lahora.mx\/index.php\/wp-json\/wp\/v2\/tags?post=17350"}],"curies":[{"name":"wp","href":"https:\/\/api.w.org\/{rel}","templated":true}]}}