{"id":1729,"date":"2022-01-17T04:48:21","date_gmt":"2022-01-17T04:48:21","guid":{"rendered":"http:\/\/lahora.mx\/?p=1729"},"modified":"2022-01-17T04:48:21","modified_gmt":"2022-01-17T04:48:21","slug":"regreso-presencial-de-la-buap-fue-pospuesto-no-cancelado","status":"publish","type":"post","link":"https:\/\/lahora.mx\/index.php\/2022\/01\/17\/regreso-presencial-de-la-buap-fue-pospuesto-no-cancelado\/","title":{"rendered":"\u00a1Regreso presencial de la BUAP fue pospuesto, no cancelado!"},"content":{"rendered":"<p>La decisi\u00f3n de posponer, pero no de cancelar, el regreso presencial en la BUAP, tiene su base en los <strong>m\u00e1s de 40 mil contagios diarios de covid reportados<\/strong>\u00a0por las autoridades sanitarias, destac\u00f3 la instituci\u00f3n.<\/p>\n<p>En un comunicado, la BUAP agreg\u00f3 que durante la gesti\u00f3n de la rectora Lilia Cedillo, se \u201cha privilegiado la vida y salud de los universitarios con decisiones siempre fundamentadas, emanadas de la<strong>\u00a0Comisi\u00f3n Institucional para el Seguimiento y Evaluaci\u00f3n para la Pandemia por COVID-19,\u00a0<\/strong>creada precisamente para tal efecto\u201d.<\/p>\n<p>El anuncio de la posposici\u00f3n del regreso a\u00a0<strong>clases presenciales, escalonadas<\/strong>, fue mal recibido por algunos sectores estudiantiles.<\/p>\n<p>Los estudiantes for\u00e1neos han se\u00f1alado que como parte del regreso hab\u00edan hecho gestiones o firmado\u00a0<strong>contratos de arrendamiento en viviendas<\/strong>, lo que ahora los pone en situaci\u00f3n comprometida. Por medio de redes sociales, los estudiantes han polemizado sobre el <strong>alcance de la protesta convocada para el pr\u00f3ximo 24 de enero<\/strong>.<\/p>\n<p>Por lo que en estos medios de comunicaci\u00f3n, circulan propuestas de un previo paro virtual, de ausentarse de las clases virtuales y sobre c\u00f3mo evitar aglomeraciones para la demostraci\u00f3n prevista a partir de las 9 de la ma\u00f1ana del d\u00eda 24 en el acceso a <strong>Ciudad Universitaria en avenida San Claudio, en la colonia San Manuel. <\/strong>Los universitarios demandan que no se suspendan las\u00a0<strong>pr\u00e1cticas profesionales.<\/strong><\/p>\n<p>Sobre el anuncio del paro, el comunicado de la BUAP destaca que:<\/p>\n<blockquote><p>La comunidad universitaria est\u00e1 integrada por todos, no s\u00f3lo por los estudiantes, tambi\u00e9n por docentes con mucha experiencia, y por administrativos, quienes\u00a0por edad constituyen un sector en el que se pudieran registrar complicaciones.<\/p><\/blockquote>\n<p>La universidad destac\u00f3 que \u201c<strong>las cifras de contagios reportados, m\u00e1s la ocupaci\u00f3n hospitalaria,<\/strong> demuestran que estamos en otro m\u00e1s de los picos de la pandemia. A\u00f1adi\u00f3 que \u201cen ning\u00fan momento se han interrumpido las clases en ninguno de los tres niveles educativos que posee (medio superior, superior y posgrado), pues los cursos siempre se han dado en l\u00ednea y apegados al contenido tem\u00e1tico de los planes de estudio y las actividades presenciales en las \u00e1reas que lo ameritan se han mantenido hasta el momento y continuar\u00e1n con los aforos m\u00ednimos\u201d, concluy\u00f3.<\/p>\n","protected":false},"excerpt":{"rendered":"<p>La decisi\u00f3n de posponer, pero no de cancelar, el regreso presencial en la BUAP, tiene su base en los m\u00e1s de 40 mil contagios diarios de covid reportados\u00a0por las autoridades sanitarias, destac\u00f3 la instituci\u00f3n. En un comunicado, la BUAP agreg\u00f3 que durante la gesti\u00f3n de la rectora Lilia Cedillo, se \u201cha privilegiado la vida y [&hellip;]<\/p>\n","protected":false},"author":5,"featured_media":1732,"comment_status":"open","ping_status":"open","sticky":false,"template":"","format":"standard","meta":{"om_disable_all_campaigns":false,"_monsterinsights_skip_tracking":false,"_monsterinsights_sitenote_active":false,"_monsterinsights_sitenote_note":"","_monsterinsights_sitenote_category":0,"footnotes":""},"categories":[175],"tags":[195,223],"class_list":["post-1729","post","type-post","status-publish","format-standard","has-post-thumbnail","hentry","category-local","tag-principal","tag-puebla"],"amp_enabled":true,"_links":{"self":[{"href":"https:\/\/lahora.mx\/index.php\/wp-json\/wp\/v2\/posts\/1729","targetHints":{"allow":["GET"]}}],"collection":[{"href":"https:\/\/lahora.mx\/index.php\/wp-json\/wp\/v2\/posts"}],"about":[{"href":"https:\/\/lahora.mx\/index.php\/wp-json\/wp\/v2\/types\/post"}],"author":[{"embeddable":true,"href":"https:\/\/lahora.mx\/index.php\/wp-json\/wp\/v2\/users\/5"}],"replies":[{"embeddable":true,"href":"https:\/\/lahora.mx\/index.php\/wp-json\/wp\/v2\/comments?post=1729"}],"version-history":[{"count":1,"href":"https:\/\/lahora.mx\/index.php\/wp-json\/wp\/v2\/posts\/1729\/revisions"}],"predecessor-version":[{"id":1733,"href":"https:\/\/lahora.mx\/index.php\/wp-json\/wp\/v2\/posts\/1729\/revisions\/1733"}],"wp:featuredmedia":[{"embeddable":true,"href":"https:\/\/lahora.mx\/index.php\/wp-json\/wp\/v2\/media\/1732"}],"wp:attachment":[{"href":"https:\/\/lahora.mx\/index.php\/wp-json\/wp\/v2\/media?parent=1729"}],"wp:term":[{"taxonomy":"category","embeddable":true,"href":"https:\/\/lahora.mx\/index.php\/wp-json\/wp\/v2\/categories?post=1729"},{"taxonomy":"post_tag","embeddable":true,"href":"https:\/\/lahora.mx\/index.php\/wp-json\/wp\/v2\/tags?post=1729"}],"curies":[{"name":"wp","href":"https:\/\/api.w.org\/{rel}","templated":true}]}}