{"id":1727,"date":"2022-01-17T04:33:06","date_gmt":"2022-01-17T04:33:06","guid":{"rendered":"http:\/\/lahora.mx\/?p=1727"},"modified":"2022-01-17T04:33:06","modified_gmt":"2022-01-17T04:33:06","slug":"asaltan-a-policia-asignado-a-la-custodia-del-presidente-del-tsj","status":"publish","type":"post","link":"https:\/\/lahora.mx\/index.php\/2022\/01\/17\/asaltan-a-policia-asignado-a-la-custodia-del-presidente-del-tsj\/","title":{"rendered":"Asaltan a polic\u00eda asignado a la custodia del presidente del TSJ"},"content":{"rendered":"<p>Un polic\u00eda estatal del \u00e1rea de protecci\u00f3n a funcionarios y comisionado a la custodia de H\u00e9ctor S\u00e1nchez S\u00e1nchez,\u00a0presidente del Tribunal Superior de Justicia del Estado (TSJ), fue asaltado la madrugada de este domingo cuando circulaba sobre\u00a0<strong>Perif\u00e9rico Ecol\u00f3gico,<\/strong>\u00a0a la altura de la colonia\u00a0<strong>El Encinar<\/strong>, en la capital poblana.<\/p>\n<p>Fuentes del Poder Judicial explicaron a e-consulta que el atraco ocurri\u00f3 aproximadamente a las 03:00 horas cuando el uniformado identificado como David regresaba a su casa despu\u00e9s de visitar a un familiar.<\/p>\n<p>El uniformado manejaba un Dodge Stratus color blanco cuando a la altura de Bulevar Clavijero fue interceptado por tres hombres armados, los cuales lo despojaron de una mochila, en la cual llevaba diversos objetos personales.<\/p>\n<p>Debido a que David estaba en su d\u00eda franco no portaba su arma de cargo, como se\u00f1alaron algunos medios de comunicaci\u00f3n.<\/p>\n<p>Despu\u00e9s de solicitar apoyo de las autoridades, al sitio llegaron elementos de la\u00a0<strong>Secretar\u00eda de Seguridad Ciudadana<\/strong>\u00a0del municipio de Puebla y de la\u00a0<strong>Polic\u00eda Estatal.\u00a0<\/strong>Debido a que el autom\u00f3vil de la v\u00edctima se qued\u00f3 atascado, se solicit\u00f3 apoyo de una gr\u00faa.<br \/>\nEl uniformado result\u00f3 ileso y no presentar\u00e1 la denuncia correspondiente.<\/p>\n","protected":false},"excerpt":{"rendered":"<p>Un polic\u00eda estatal del \u00e1rea de protecci\u00f3n a funcionarios y comisionado a la custodia de H\u00e9ctor S\u00e1nchez S\u00e1nchez,\u00a0presidente del Tribunal Superior de Justicia del Estado (TSJ), fue asaltado la madrugada de este domingo cuando circulaba sobre\u00a0Perif\u00e9rico Ecol\u00f3gico,\u00a0a la altura de la colonia\u00a0El Encinar, en la capital poblana. Fuentes del Poder Judicial explicaron a e-consulta que [&hellip;]<\/p>\n","protected":false},"author":4,"featured_media":1730,"comment_status":"open","ping_status":"open","sticky":false,"template":"","format":"standard","meta":{"om_disable_all_campaigns":false,"_monsterinsights_skip_tracking":false,"_monsterinsights_sitenote_active":false,"_monsterinsights_sitenote_note":"","_monsterinsights_sitenote_category":0,"footnotes":""},"categories":[175],"tags":[],"class_list":["post-1727","post","type-post","status-publish","format-standard","has-post-thumbnail","hentry","category-local"],"amp_enabled":true,"_links":{"self":[{"href":"https:\/\/lahora.mx\/index.php\/wp-json\/wp\/v2\/posts\/1727","targetHints":{"allow":["GET"]}}],"collection":[{"href":"https:\/\/lahora.mx\/index.php\/wp-json\/wp\/v2\/posts"}],"about":[{"href":"https:\/\/lahora.mx\/index.php\/wp-json\/wp\/v2\/types\/post"}],"author":[{"embeddable":true,"href":"https:\/\/lahora.mx\/index.php\/wp-json\/wp\/v2\/users\/4"}],"replies":[{"embeddable":true,"href":"https:\/\/lahora.mx\/index.php\/wp-json\/wp\/v2\/comments?post=1727"}],"version-history":[{"count":1,"href":"https:\/\/lahora.mx\/index.php\/wp-json\/wp\/v2\/posts\/1727\/revisions"}],"predecessor-version":[{"id":1731,"href":"https:\/\/lahora.mx\/index.php\/wp-json\/wp\/v2\/posts\/1727\/revisions\/1731"}],"wp:featuredmedia":[{"embeddable":true,"href":"https:\/\/lahora.mx\/index.php\/wp-json\/wp\/v2\/media\/1730"}],"wp:attachment":[{"href":"https:\/\/lahora.mx\/index.php\/wp-json\/wp\/v2\/media?parent=1727"}],"wp:term":[{"taxonomy":"category","embeddable":true,"href":"https:\/\/lahora.mx\/index.php\/wp-json\/wp\/v2\/categories?post=1727"},{"taxonomy":"post_tag","embeddable":true,"href":"https:\/\/lahora.mx\/index.php\/wp-json\/wp\/v2\/tags?post=1727"}],"curies":[{"name":"wp","href":"https:\/\/api.w.org\/{rel}","templated":true}]}}