{"id":17231,"date":"2022-12-01T17:24:34","date_gmt":"2022-12-01T17:24:34","guid":{"rendered":"http:\/\/lahora.mx\/?p=17231"},"modified":"2022-12-01T17:24:34","modified_gmt":"2022-12-01T17:24:34","slug":"aumentara-20-el-salario-en-2023-anuncia-amlo","status":"publish","type":"post","link":"https:\/\/lahora.mx\/index.php\/2022\/12\/01\/aumentara-20-el-salario-en-2023-anuncia-amlo\/","title":{"rendered":"Aumentar\u00e1 20% el salario en 2023, anuncia AMLO"},"content":{"rendered":"\n<p>El presidente Andr\u00e9s Manuel L\u00f3pez Obrador anunci\u00f3 este jueves 1 de diciembre un nuevo aumento al salario m\u00ednimo, ahora del 20 por ciento para 2023.<\/p>\n\n\n\n<p>Durante la conferencia de prensa matutina, el mandatario mexicano dijo que de manera un\u00e1nime el sector obrero, el sector empresarial y el Gobierno de M\u00e9xico llegaron a un consenso para este incremento al salario m\u00ednimo, que ahora ser\u00e1 de 6 mil 223 pesos mensuales.<\/p>\n\n\n\n<p>\u201cA partir del primero de enero del pr\u00f3ximo a\u00f1o el salario m\u00ednimo general pasara de 172 pesos diarios a 207; es un incremento de mil 52 pesos al mes\u201d, dijo Luisa Mar\u00eda Alcalde Luj\u00e1n, titular de la Secretar\u00eda del Trabajo y Previsi\u00f3n Social en Palacio Nacional.<\/p>\n\n\n\n<p>\u201cTambi\u00e9n se defini\u00f3 un incremento del 20 por ciento en la Zona Libre de la Frontera Norte, que pasara de 260 a 312 pesos al d\u00eda, un incremento de mil 584 pesos mensuales adicionales\u201d, a\u00f1adi\u00f3.<\/p>\n\n\n\n<p>Salario m\u00ednimo en M\u00e9xico 2022: \u00bfDe cu\u00e1nto es y por qu\u00e9 en la frontera norte es mayor?<br>El salario m\u00ednimo en el interior de la Rep\u00fablica es de 172.87 pesos diarios.<br>Este incremento al salario m\u00ednimo beneficiar\u00e1 a 6.4 millones de trabajadores.<\/p>\n\n\n\n<p>Con este nuevo aumento, M\u00e9xico se coloca en el lugar n\u00famero 50 a nivel mundial (de 135 pa\u00edses) con mayor salario m\u00ednimo del planeta, arriba de pa\u00edses como Paraguay, Sud\u00e1frica, Argentina y Panam\u00e1. En 2020, M\u00e9xico se encontraba en el lugar 85.<\/p>\n\n\n\n<p>\u201cCon el incremento (al salario m\u00ednimo) de este a\u00f1o habremos recuperado el 90 por ciento del poder adquisitivo, comparado con 2018\u2033, presumi\u00f3 la secretaria de Trabajo.<\/p>\n","protected":false},"excerpt":{"rendered":"<p>El presidente Andr\u00e9s Manuel L\u00f3pez Obrador anunci\u00f3 este jueves 1 de diciembre un nuevo aumento al salario m\u00ednimo, ahora del 20 por ciento para 2023. Durante la conferencia de prensa matutina, el mandatario mexicano dijo que de manera un\u00e1nime el sector obrero, el sector empresarial y el Gobierno de M\u00e9xico llegaron a un consenso para [&hellip;]<\/p>\n","protected":false},"author":4,"featured_media":17232,"comment_status":"open","ping_status":"open","sticky":false,"template":"","format":"standard","meta":{"om_disable_all_campaigns":false,"_monsterinsights_skip_tracking":false,"_monsterinsights_sitenote_active":false,"_monsterinsights_sitenote_note":"","_monsterinsights_sitenote_category":0,"footnotes":""},"categories":[176],"tags":[195],"class_list":["post-17231","post","type-post","status-publish","format-standard","has-post-thumbnail","hentry","category-nacional","tag-principal"],"amp_enabled":true,"_links":{"self":[{"href":"https:\/\/lahora.mx\/index.php\/wp-json\/wp\/v2\/posts\/17231","targetHints":{"allow":["GET"]}}],"collection":[{"href":"https:\/\/lahora.mx\/index.php\/wp-json\/wp\/v2\/posts"}],"about":[{"href":"https:\/\/lahora.mx\/index.php\/wp-json\/wp\/v2\/types\/post"}],"author":[{"embeddable":true,"href":"https:\/\/lahora.mx\/index.php\/wp-json\/wp\/v2\/users\/4"}],"replies":[{"embeddable":true,"href":"https:\/\/lahora.mx\/index.php\/wp-json\/wp\/v2\/comments?post=17231"}],"version-history":[{"count":1,"href":"https:\/\/lahora.mx\/index.php\/wp-json\/wp\/v2\/posts\/17231\/revisions"}],"predecessor-version":[{"id":17233,"href":"https:\/\/lahora.mx\/index.php\/wp-json\/wp\/v2\/posts\/17231\/revisions\/17233"}],"wp:featuredmedia":[{"embeddable":true,"href":"https:\/\/lahora.mx\/index.php\/wp-json\/wp\/v2\/media\/17232"}],"wp:attachment":[{"href":"https:\/\/lahora.mx\/index.php\/wp-json\/wp\/v2\/media?parent=17231"}],"wp:term":[{"taxonomy":"category","embeddable":true,"href":"https:\/\/lahora.mx\/index.php\/wp-json\/wp\/v2\/categories?post=17231"},{"taxonomy":"post_tag","embeddable":true,"href":"https:\/\/lahora.mx\/index.php\/wp-json\/wp\/v2\/tags?post=17231"}],"curies":[{"name":"wp","href":"https:\/\/api.w.org\/{rel}","templated":true}]}}