{"id":1719,"date":"2022-01-17T04:02:35","date_gmt":"2022-01-17T04:02:35","guid":{"rendered":"http:\/\/lahora.mx\/?p=1719"},"modified":"2022-01-17T04:04:12","modified_gmt":"2022-01-17T04:04:12","slug":"eduardo-rivera-perez-se-reune-con-javier-emiliano-gonzalez-del-villar-y-director-general-de-pemex","status":"publish","type":"post","link":"https:\/\/lahora.mx\/index.php\/2022\/01\/17\/eduardo-rivera-perez-se-reune-con-javier-emiliano-gonzalez-del-villar-y-director-general-de-pemex\/","title":{"rendered":"Eduardo Rivera P\u00e9rez se re\u00fane con Javier Emiliano Gonz\u00e1lez del Villar y Director General de PEMEX"},"content":{"rendered":"<p>El alcalde de Puebla, Eduardo Rivera P\u00e9rez, se reuni\u00f3 con Javier Emiliano Gonz\u00e1lez del Villar, Director General de PEMEX Log\u00edstica, para revisar las estrategias que coadyuven a prevenir el robo de combustible en la capital poblana, bajo un esquema de coordinaci\u00f3n entre Federaci\u00f3n, Estado y Municipio.<\/p>\n","protected":false},"excerpt":{"rendered":"<p>El alcalde de Puebla, Eduardo Rivera P\u00e9rez, se reuni\u00f3 con Javier Emiliano Gonz\u00e1lez del Villar, Director General de PEMEX Log\u00edstica, para revisar las estrategias que coadyuven a prevenir el robo de combustible en la capital poblana, bajo un esquema de coordinaci\u00f3n entre Federaci\u00f3n, Estado y Municipio.<\/p>\n","protected":false},"author":4,"featured_media":1720,"comment_status":"open","ping_status":"open","sticky":false,"template":"","format":"standard","meta":{"om_disable_all_campaigns":false,"_monsterinsights_skip_tracking":false,"_monsterinsights_sitenote_active":false,"_monsterinsights_sitenote_note":"","_monsterinsights_sitenote_category":0,"footnotes":""},"categories":[175],"tags":[195],"class_list":["post-1719","post","type-post","status-publish","format-standard","has-post-thumbnail","hentry","category-local","tag-principal"],"amp_enabled":true,"_links":{"self":[{"href":"https:\/\/lahora.mx\/index.php\/wp-json\/wp\/v2\/posts\/1719","targetHints":{"allow":["GET"]}}],"collection":[{"href":"https:\/\/lahora.mx\/index.php\/wp-json\/wp\/v2\/posts"}],"about":[{"href":"https:\/\/lahora.mx\/index.php\/wp-json\/wp\/v2\/types\/post"}],"author":[{"embeddable":true,"href":"https:\/\/lahora.mx\/index.php\/wp-json\/wp\/v2\/users\/4"}],"replies":[{"embeddable":true,"href":"https:\/\/lahora.mx\/index.php\/wp-json\/wp\/v2\/comments?post=1719"}],"version-history":[{"count":1,"href":"https:\/\/lahora.mx\/index.php\/wp-json\/wp\/v2\/posts\/1719\/revisions"}],"predecessor-version":[{"id":1721,"href":"https:\/\/lahora.mx\/index.php\/wp-json\/wp\/v2\/posts\/1719\/revisions\/1721"}],"wp:featuredmedia":[{"embeddable":true,"href":"https:\/\/lahora.mx\/index.php\/wp-json\/wp\/v2\/media\/1720"}],"wp:attachment":[{"href":"https:\/\/lahora.mx\/index.php\/wp-json\/wp\/v2\/media?parent=1719"}],"wp:term":[{"taxonomy":"category","embeddable":true,"href":"https:\/\/lahora.mx\/index.php\/wp-json\/wp\/v2\/categories?post=1719"},{"taxonomy":"post_tag","embeddable":true,"href":"https:\/\/lahora.mx\/index.php\/wp-json\/wp\/v2\/tags?post=1719"}],"curies":[{"name":"wp","href":"https:\/\/api.w.org\/{rel}","templated":true}]}}