{"id":17183,"date":"2022-11-30T22:54:24","date_gmt":"2022-11-30T22:54:24","guid":{"rendered":"http:\/\/lahora.mx\/?p=17183"},"modified":"2022-11-30T22:54:25","modified_gmt":"2022-11-30T22:54:25","slug":"eduardo-rivera-como-candidato-en-2024-claudia-ruiz","status":"publish","type":"post","link":"https:\/\/lahora.mx\/index.php\/2022\/11\/30\/eduardo-rivera-como-candidato-en-2024-claudia-ruiz\/","title":{"rendered":"Eduardo Rivera como candidato en 2024: Claudia Ruiz"},"content":{"rendered":"\n<p class=\"wp-block-paragraph\">La senadora de la rep\u00fablica, Claudia Ruiz Massieu rechaz\u00f3 cualquier alianza con Morena, e indic\u00f3 que est\u00e1 tiene que ser con los ciudadanos, sumando a los mejores perfiles y en Puebla no se descarta a Eduardo Rivera P\u00e9rez.<\/p>\n\n\n\n<p class=\"wp-block-paragraph\">Entrevistada tras sostener una reuni\u00f3n con integrantes del Club de Empresarios de Puebla, la senadora por el Partido Revolucionario Institucional (PRI) manifest\u00f3 que la alianza opositora de su partido con el PAN y el PRD va a continuar, pero se espera que crezca sumando a los ciudadanos y mejores perfiles de la sociedad.<\/p>\n\n\n\n<p class=\"wp-block-paragraph\">Expres\u00f3 que en estos momentos no se puede hablar de candidaturas, sino de aspiraciones ya que tendr\u00e1n que fijarse las reglas, pero tiene que ser para hacer frente a un modelo que est\u00e1 da\u00f1ando al pa\u00eds.<\/p>\n\n\n\n<p class=\"wp-block-paragraph\">Al ser cuestionada sobre la posibilidad de aliarse con el Movimiento de Regeneraci\u00f3n Nacional (Morena), expuso que lo anterior se encuentra descartado, y lo que hay que hacer es buscar a la sociedad para el 2024.<\/p>\n\n\n\n<p class=\"wp-block-paragraph\">De la situaci\u00f3n de Puebla, indic\u00f3 que de acuerdo a mediciones el mejor posicionado es el presidente municipal de la capital, Eduardo Rivera P\u00e9rez, y consider\u00f3 que ser\u00eda un buen cuadro para encabezar la alianza opositora en la siguiente elecci\u00f3n.<\/p>\n\n\n\n<p class=\"wp-block-paragraph\">Record\u00f3 que en 2021 ella acudi\u00f3 a Puebla para realizar campa\u00f1a a favor de Rivera P\u00e9rez, por lo que hay una buena relaci\u00f3n y conoce su trabajo.<\/p>\n","protected":false},"excerpt":{"rendered":"<p>La senadora de la rep\u00fablica, Claudia Ruiz Massieu rechaz\u00f3 cualquier alianza con Morena, e indic\u00f3 que est\u00e1 tiene que ser con los ciudadanos, sumando a los mejores perfiles y en Puebla no se descarta a Eduardo Rivera P\u00e9rez. Entrevistada tras sostener una reuni\u00f3n con integrantes del Club de Empresarios de Puebla, la senadora por el [&hellip;]<\/p>\n","protected":false},"author":4,"featured_media":17184,"comment_status":"open","ping_status":"open","sticky":false,"template":"","format":"standard","meta":{"om_disable_all_campaigns":false,"_monsterinsights_skip_tracking":false,"_monsterinsights_sitenote_active":false,"_monsterinsights_sitenote_note":"","_monsterinsights_sitenote_category":0,"footnotes":""},"categories":[175],"tags":[223],"class_list":["post-17183","post","type-post","status-publish","format-standard","has-post-thumbnail","hentry","category-local","tag-puebla"],"amp_enabled":true,"_links":{"self":[{"href":"https:\/\/lahora.mx\/index.php\/wp-json\/wp\/v2\/posts\/17183","targetHints":{"allow":["GET"]}}],"collection":[{"href":"https:\/\/lahora.mx\/index.php\/wp-json\/wp\/v2\/posts"}],"about":[{"href":"https:\/\/lahora.mx\/index.php\/wp-json\/wp\/v2\/types\/post"}],"author":[{"embeddable":true,"href":"https:\/\/lahora.mx\/index.php\/wp-json\/wp\/v2\/users\/4"}],"replies":[{"embeddable":true,"href":"https:\/\/lahora.mx\/index.php\/wp-json\/wp\/v2\/comments?post=17183"}],"version-history":[{"count":1,"href":"https:\/\/lahora.mx\/index.php\/wp-json\/wp\/v2\/posts\/17183\/revisions"}],"predecessor-version":[{"id":17185,"href":"https:\/\/lahora.mx\/index.php\/wp-json\/wp\/v2\/posts\/17183\/revisions\/17185"}],"wp:featuredmedia":[{"embeddable":true,"href":"https:\/\/lahora.mx\/index.php\/wp-json\/wp\/v2\/media\/17184"}],"wp:attachment":[{"href":"https:\/\/lahora.mx\/index.php\/wp-json\/wp\/v2\/media?parent=17183"}],"wp:term":[{"taxonomy":"category","embeddable":true,"href":"https:\/\/lahora.mx\/index.php\/wp-json\/wp\/v2\/categories?post=17183"},{"taxonomy":"post_tag","embeddable":true,"href":"https:\/\/lahora.mx\/index.php\/wp-json\/wp\/v2\/tags?post=17183"}],"curies":[{"name":"wp","href":"https:\/\/api.w.org\/{rel}","templated":true}]}}