{"id":1715,"date":"2022-01-17T03:43:54","date_gmt":"2022-01-17T03:43:54","guid":{"rendered":"http:\/\/lahora.mx\/?p=1715"},"modified":"2022-01-17T03:44:04","modified_gmt":"2022-01-17T03:44:04","slug":"rescatan-a-359-migrantes-centroamericanos-hacinados-en-tractocamion","status":"publish","type":"post","link":"https:\/\/lahora.mx\/index.php\/2022\/01\/17\/rescatan-a-359-migrantes-centroamericanos-hacinados-en-tractocamion\/","title":{"rendered":"Rescatan  a 359 migrantes centroamericanos hacinados en tractocami\u00f3n"},"content":{"rendered":"<p>En el marco de la estrategia nacional para atender el flujo migratorio y el tr\u00e1fico de personas, el Instituto Nacional de Migraci\u00f3n(<strong>INM<\/strong>) rescat\u00f3 a 359 migrantes de origen centroamericano hacinados en la caja de un cami\u00f3n.<\/p>\n<p>El INM detall\u00f3 que alrededor de las 3:30 horas de este domingo, en un punto de revisi\u00f3n de la carretera libre\u00a0<strong>Coatzacoalcos-Veracruz<\/strong>, Agentes Federales de Migraci\u00f3n (AFM), detuvieron a la unidad de transporte para realizar la revisi\u00f3n de rutina, cuando se escucharon voces que proven\u00edan de la parte trasera del veh\u00edculo.<\/p>\n<p>Al abrir las puertas, se encontr\u00f3 a los migrantes en condici\u00f3n de hacinamiento, de los cuales, 294 son originarios de Guatemala, 38 de Nicaragua, 15 de El Salvador, ocho de Honduras y cuatro de Ecuador.<br \/>\nEl organismo dependiente de la Secretar\u00eda de Gobernaci\u00f3n inform\u00f3 que el chofer, as\u00ed como el veh\u00edculo, quedaron a disposici\u00f3n de la\u00a0<strong>Fiscal\u00eda General de la Rep\u00fablica<\/strong>\u00a0(FGR) en Veracruz.<\/p>\n<p>El INM refrend\u00f3 su compromiso por una migraci\u00f3n segura, ordenada y regular, con pleno respeto y salvaguarda a los derechos de las personas en contexto de movilidad, sin menos cabo de su nacionalidad, condici\u00f3n social, econ\u00f3mica o pol\u00edtica.<\/p>\n","protected":false},"excerpt":{"rendered":"<p>En el marco de la estrategia nacional para atender el flujo migratorio y el tr\u00e1fico de personas, el Instituto Nacional de Migraci\u00f3n(INM) rescat\u00f3 a 359 migrantes de origen centroamericano hacinados en la caja de un cami\u00f3n. El INM detall\u00f3 que alrededor de las 3:30 horas de este domingo, en un punto de revisi\u00f3n de la [&hellip;]<\/p>\n","protected":false},"author":4,"featured_media":1716,"comment_status":"open","ping_status":"open","sticky":false,"template":"","format":"standard","meta":{"om_disable_all_campaigns":false,"_monsterinsights_skip_tracking":false,"_monsterinsights_sitenote_active":false,"_monsterinsights_sitenote_note":"","_monsterinsights_sitenote_category":0,"footnotes":""},"categories":[175],"tags":[],"class_list":["post-1715","post","type-post","status-publish","format-standard","has-post-thumbnail","hentry","category-local"],"amp_enabled":true,"_links":{"self":[{"href":"https:\/\/lahora.mx\/index.php\/wp-json\/wp\/v2\/posts\/1715","targetHints":{"allow":["GET"]}}],"collection":[{"href":"https:\/\/lahora.mx\/index.php\/wp-json\/wp\/v2\/posts"}],"about":[{"href":"https:\/\/lahora.mx\/index.php\/wp-json\/wp\/v2\/types\/post"}],"author":[{"embeddable":true,"href":"https:\/\/lahora.mx\/index.php\/wp-json\/wp\/v2\/users\/4"}],"replies":[{"embeddable":true,"href":"https:\/\/lahora.mx\/index.php\/wp-json\/wp\/v2\/comments?post=1715"}],"version-history":[{"count":2,"href":"https:\/\/lahora.mx\/index.php\/wp-json\/wp\/v2\/posts\/1715\/revisions"}],"predecessor-version":[{"id":1718,"href":"https:\/\/lahora.mx\/index.php\/wp-json\/wp\/v2\/posts\/1715\/revisions\/1718"}],"wp:featuredmedia":[{"embeddable":true,"href":"https:\/\/lahora.mx\/index.php\/wp-json\/wp\/v2\/media\/1716"}],"wp:attachment":[{"href":"https:\/\/lahora.mx\/index.php\/wp-json\/wp\/v2\/media?parent=1715"}],"wp:term":[{"taxonomy":"category","embeddable":true,"href":"https:\/\/lahora.mx\/index.php\/wp-json\/wp\/v2\/categories?post=1715"},{"taxonomy":"post_tag","embeddable":true,"href":"https:\/\/lahora.mx\/index.php\/wp-json\/wp\/v2\/tags?post=1715"}],"curies":[{"name":"wp","href":"https:\/\/api.w.org\/{rel}","templated":true}]}}