{"id":17101,"date":"2022-11-29T22:20:29","date_gmt":"2022-11-29T22:20:29","guid":{"rendered":"http:\/\/lahora.mx\/?p=17101"},"modified":"2022-11-29T22:20:30","modified_gmt":"2022-11-29T22:20:30","slug":"suma-el-marcado-laboral-926000-nuevos-empleos-en-octubre","status":"publish","type":"post","link":"https:\/\/lahora.mx\/index.php\/2022\/11\/29\/suma-el-marcado-laboral-926000-nuevos-empleos-en-octubre\/","title":{"rendered":"Suma el marcado laboral  926,000 nuevos empleos en octubre"},"content":{"rendered":"\n<p class=\"wp-block-paragraph\">El mercado laboral registr\u00f3 en octubre la creaci\u00f3n de 925,637 plazas de trabajo, la mayor\u00eda de ellas en la formalidad. Este fortalecimiento del empleo llev\u00f3 a la tasa de participaci\u00f3n a una proporci\u00f3n de 60.7% de la poblaci\u00f3n en edad de trabajar, la cifra m\u00e1s alta de los \u00faltimos siete a\u00f1os, de acuerdo con la Encuesta Nacional de Ocupaci\u00f3n y Empleo (ENOE).<\/p>\n\n\n\n<p class=\"wp-block-paragraph\">En tanto, la poblaci\u00f3n desocupada tuvo un crecimiento marginal, con lo que la tasa de desempleo fue de 3.3% en el d\u00e9cimo mes del a\u00f1o, en el mismo nivel que lo reportado en septiembre. Aunque con cifras desestacionalizadas, la desocupaci\u00f3n fue de 3.2%, dato ligeramente mayor al 3.1% observado un mes antes.<\/p>\n\n\n\n<p class=\"wp-block-paragraph\">De los m\u00e1s de 900,000 puestos de trabajo creados en octubre, el 57% se concentr\u00f3 en el sector formal. El crecimiento del empleo tambi\u00e9n fue el saldo del incremento de un mill\u00f3n de plazas en el trabajo subordinado y un descenso de 251,501 en el trabajo por cuenta propia. Al mismo tiempo, el perfil de empleadores y trabajo no remunerado tuvieron ligeras ganancias.<\/p>\n\n\n\n<p class=\"wp-block-paragraph\">Para analistas econ\u00f3micos, los resultados del mercado laboral en octubre reflejan la fortaleza del empleo, lo que se refleja en una mejor\u00eda en indicadores clave y se vincula con la estacionalidad por el inicio de la temporada de ventas.<\/p>\n\n\n\n<p class=\"wp-block-paragraph\">\u201cEn nuestra opini\u00f3n, el desempe\u00f1o es bastante positivo a pesar de varias se\u00f1ales de moderaci\u00f3n a trav\u00e9s de diferentes sectores al inicio del cuarto trimestre del 2022, especialmente la industria. Sin embargo, y considerando que la creaci\u00f3n de empleo super\u00f3 su patr\u00f3n estacional, nos mantenemos optimistas\u201d, expuso Juan Carlos Alderete, director ejecutivo de An\u00e1lisis Econ\u00f3mico y Estrategia Financiera de Mercados de Banorte.<\/p>\n\n\n\n<p class=\"wp-block-paragraph\">Por sectores econ\u00f3micos, el de servicios incorpor\u00f3 fue el que mayores ganancias report\u00f3, con 788,583 plazas creadas. Al interior de este rengl\u00f3n, las actividades en comercio (418,013), servicios diversos (164,048) y gobierno (111,280) fueron las que tuvieron los crecimientos m\u00e1s altos; por el contrario, s\u00f3lo el subsector de transporte tuvo una contracci\u00f3n de 46,871 empleos.<\/p>\n\n\n\n<p class=\"wp-block-paragraph\">Por otra parte, dentro del sector industrial, la manufactura contribuy\u00f3 con 207,620 oportunidades laborales en octubre, lo que compens\u00f3 la p\u00e9rdida de 131,812 plazas en la construcci\u00f3n.<\/p>\n\n\n\n<p class=\"wp-block-paragraph\">\u201cEl incremento se dio principalmente en los servicios y el hecho de que haya sido el comercio minorista la actividad con mejor desempe\u00f1o refleja que el alza en la Poblaci\u00f3n Ocupada est\u00e1 relacionada con el fen\u00f3meno estacional de la temporada alta de ventas. No obstante, tambi\u00e9n hubo incrementos en la industria, siendo las manufacturas las de mayor contribuci\u00f3n, mientras que el sector de la construcci\u00f3n sigue sin poder consolidar un ritmo constante de avance\u201d, apunt\u00f3 Marcos Daniel Arias Novelo, analista econ\u00f3mico de Monex.<\/p>\n","protected":false},"excerpt":{"rendered":"<p>El mercado laboral registr\u00f3 en octubre la creaci\u00f3n de 925,637 plazas de trabajo, la mayor\u00eda de ellas en la formalidad. Este fortalecimiento del empleo llev\u00f3 a la tasa de participaci\u00f3n a una proporci\u00f3n de 60.7% de la poblaci\u00f3n en edad de trabajar, la cifra m\u00e1s alta de los \u00faltimos siete a\u00f1os, de acuerdo con la [&hellip;]<\/p>\n","protected":false},"author":4,"featured_media":17102,"comment_status":"open","ping_status":"open","sticky":false,"template":"","format":"standard","meta":{"om_disable_all_campaigns":false,"_monsterinsights_skip_tracking":false,"_monsterinsights_sitenote_active":false,"_monsterinsights_sitenote_note":"","_monsterinsights_sitenote_category":0,"footnotes":""},"categories":[176,2],"tags":[29,195],"class_list":["post-17101","post","type-post","status-publish","format-standard","has-post-thumbnail","hentry","category-nacional","category-negocios","tag-business","tag-principal"],"amp_enabled":true,"_links":{"self":[{"href":"https:\/\/lahora.mx\/index.php\/wp-json\/wp\/v2\/posts\/17101","targetHints":{"allow":["GET"]}}],"collection":[{"href":"https:\/\/lahora.mx\/index.php\/wp-json\/wp\/v2\/posts"}],"about":[{"href":"https:\/\/lahora.mx\/index.php\/wp-json\/wp\/v2\/types\/post"}],"author":[{"embeddable":true,"href":"https:\/\/lahora.mx\/index.php\/wp-json\/wp\/v2\/users\/4"}],"replies":[{"embeddable":true,"href":"https:\/\/lahora.mx\/index.php\/wp-json\/wp\/v2\/comments?post=17101"}],"version-history":[{"count":1,"href":"https:\/\/lahora.mx\/index.php\/wp-json\/wp\/v2\/posts\/17101\/revisions"}],"predecessor-version":[{"id":17103,"href":"https:\/\/lahora.mx\/index.php\/wp-json\/wp\/v2\/posts\/17101\/revisions\/17103"}],"wp:featuredmedia":[{"embeddable":true,"href":"https:\/\/lahora.mx\/index.php\/wp-json\/wp\/v2\/media\/17102"}],"wp:attachment":[{"href":"https:\/\/lahora.mx\/index.php\/wp-json\/wp\/v2\/media?parent=17101"}],"wp:term":[{"taxonomy":"category","embeddable":true,"href":"https:\/\/lahora.mx\/index.php\/wp-json\/wp\/v2\/categories?post=17101"},{"taxonomy":"post_tag","embeddable":true,"href":"https:\/\/lahora.mx\/index.php\/wp-json\/wp\/v2\/tags?post=17101"}],"curies":[{"name":"wp","href":"https:\/\/api.w.org\/{rel}","templated":true}]}}