{"id":1708,"date":"2022-01-17T03:21:28","date_gmt":"2022-01-17T03:21:28","guid":{"rendered":"http:\/\/lahora.mx\/?p=1708"},"modified":"2022-01-17T03:23:18","modified_gmt":"2022-01-17T03:23:18","slug":"aseguran-casa-en-ajalpan-concientos-de-articulos-robados-por-andrea-castillo-domingo-enero-16-2022","status":"publish","type":"post","link":"https:\/\/lahora.mx\/index.php\/2022\/01\/17\/aseguran-casa-en-ajalpan-concientos-de-articulos-robados-por-andrea-castillo-domingo-enero-16-2022\/","title":{"rendered":"Aseguran casa en Ajalpan concientos de art\u00edculos robados Por Andrea Castillo | Domingo, Enero 16, 2022 |"},"content":{"rendered":"<p>En un domicilio particular en el municipio de Ajalpan, fueron halladas m\u00e1s de 200 bicicletas, bocinas, tanques de gas, pantallas y dem\u00e1s art\u00edculos, los sujetos que fueron encontrados en el lugar no pudieron acreditar su propiedad y fueron asegurados por elementos la\u00a0 Polic\u00eda Municipal.<br \/>\nVecinos y ciclistas de la zona se organizaron para exigir a los propietarios de la vivienda, lugar que tambi\u00e9n es conocido como un basurero, que les permitieran entrar, al ingresar los habitantes encontraron varios art\u00edculos que se estaban en buen estado, sin embargo, lo que m\u00e1s llam\u00f3 la atenci\u00f3n de los inconformes fue que encontraron cientos de bicicletas, de modo que pidieron apoyo de las autoridades, quienes al cuestionar a los propietarios del lugar la procedencia de esos art\u00edculos, no pudieron acreditarla, por ello fueron asegurados.<\/p>\n<p>\u201cDesafortunadamente estas bicicletas son, en su mayor\u00eda, de gente mayor, trabajadora del campo, que no tiene redes sociales, por favor informenles de este hecho y acudan a la presidencia municipal de Ajalpan para reconocer la suya\u201d, se\u00f1al\u00f3 una vecina.<\/p>\n<p>Asimismo, se exhort\u00f3 a los afectados a interponer su denuncia correspondiente, ya que aunque hubo detenidos, podr\u00edan obtener su libertad de no existir una denuncia.<\/p>\n","protected":false},"excerpt":{"rendered":"<p>En un domicilio particular en el municipio de Ajalpan, fueron halladas m\u00e1s de 200 bicicletas, bocinas, tanques de gas, pantallas y dem\u00e1s art\u00edculos, los sujetos que fueron encontrados en el lugar no pudieron acreditar su propiedad y fueron asegurados por elementos la\u00a0 Polic\u00eda Municipal. Vecinos y ciclistas de la zona se organizaron para exigir a [&hellip;]<\/p>\n","protected":false},"author":4,"featured_media":1709,"comment_status":"open","ping_status":"open","sticky":false,"template":"","format":"standard","meta":{"om_disable_all_campaigns":false,"_monsterinsights_skip_tracking":false,"_monsterinsights_sitenote_active":false,"_monsterinsights_sitenote_note":"","_monsterinsights_sitenote_category":0,"footnotes":""},"categories":[175],"tags":[195],"class_list":["post-1708","post","type-post","status-publish","format-standard","has-post-thumbnail","hentry","category-local","tag-principal"],"amp_enabled":true,"_links":{"self":[{"href":"https:\/\/lahora.mx\/index.php\/wp-json\/wp\/v2\/posts\/1708","targetHints":{"allow":["GET"]}}],"collection":[{"href":"https:\/\/lahora.mx\/index.php\/wp-json\/wp\/v2\/posts"}],"about":[{"href":"https:\/\/lahora.mx\/index.php\/wp-json\/wp\/v2\/types\/post"}],"author":[{"embeddable":true,"href":"https:\/\/lahora.mx\/index.php\/wp-json\/wp\/v2\/users\/4"}],"replies":[{"embeddable":true,"href":"https:\/\/lahora.mx\/index.php\/wp-json\/wp\/v2\/comments?post=1708"}],"version-history":[{"count":1,"href":"https:\/\/lahora.mx\/index.php\/wp-json\/wp\/v2\/posts\/1708\/revisions"}],"predecessor-version":[{"id":1710,"href":"https:\/\/lahora.mx\/index.php\/wp-json\/wp\/v2\/posts\/1708\/revisions\/1710"}],"wp:featuredmedia":[{"embeddable":true,"href":"https:\/\/lahora.mx\/index.php\/wp-json\/wp\/v2\/media\/1709"}],"wp:attachment":[{"href":"https:\/\/lahora.mx\/index.php\/wp-json\/wp\/v2\/media?parent=1708"}],"wp:term":[{"taxonomy":"category","embeddable":true,"href":"https:\/\/lahora.mx\/index.php\/wp-json\/wp\/v2\/categories?post=1708"},{"taxonomy":"post_tag","embeddable":true,"href":"https:\/\/lahora.mx\/index.php\/wp-json\/wp\/v2\/tags?post=1708"}],"curies":[{"name":"wp","href":"https:\/\/api.w.org\/{rel}","templated":true}]}}