{"id":17047,"date":"2022-11-28T20:19:45","date_gmt":"2022-11-28T20:19:45","guid":{"rendered":"http:\/\/lahora.mx\/?p=17047"},"modified":"2022-11-28T20:19:45","modified_gmt":"2022-11-28T20:19:45","slug":"oms-cambia-el-nombre-a-la-viruela-del-mono-a-mpox","status":"publish","type":"post","link":"https:\/\/lahora.mx\/index.php\/2022\/11\/28\/oms-cambia-el-nombre-a-la-viruela-del-mono-a-mpox\/","title":{"rendered":"OMS cambia el nombre a la viruela del mono, a (mpox)"},"content":{"rendered":"\n<p>La Organizaci\u00f3n Mundial de la Salud (OMS) anunci\u00f3 finalmente que la viruela del mono tendr\u00e1 otro nombre para evitar comentarios racistas o estigmatizadores y desde hoy se llamar\u00e1 mpox en todas las lenguas.<\/p>\n\n\n\n<p>La OMS se\u00f1al\u00f3 que los dos nombres ser\u00e1n utilizados durante un a\u00f1o, antes de que el t\u00e9rmino monkeypox sea reemplazado por completo.<\/p>\n\n\n\n<p>\u00abLa cuesti\u00f3n del uso del nuevo nombre en diferentes lenguas fue abordado largamente. El t\u00e9rmino mpox se puede utilizar en otras lenguas\u00bb, se\u00f1al\u00f3 la OMS.<\/p>\n\n\n\n<p>Si resulta problem\u00e1tico en alguna lengua, la OMS lanzar\u00eda consultas con las autoridades competentes.<\/p>\n\n\n\n<p>Cuando comenz\u00f3 el brote de viruela del mono en la primavera de 2022 se observaron en l\u00ednea \u00abdeclaraciones racistas y estigmatizantes\u00bb, lo que hizo que algunos pa\u00edses e individuos pidieran un cambio de nombre, record\u00f3 la OMS.<br>La viruela del mono fue bautizada as\u00ed porque fue identificada originalmente en monos destinados a la investigaci\u00f3n en Dinamarca en 1958, pero la enfermedad se desarrolla m\u00e1s com\u00fanmente en roedores. La primera vez que se notific\u00f3 un caso en humanos fue en 1970 en la Rep\u00fablica Democr\u00e1tica del Congo.<\/p>\n\n\n\n<p>Su propagaci\u00f3n a humanos se limitaba hasta a ciertos pa\u00edses de \u00c1frica occidental donde es end\u00e9mica. Pero en mayo, empezaron a aparecer casos de viruela del mono en todo el mundo.<\/p>\n\n\n\n<p>\u00bfCu\u00e1les son los s\u00edntomas de la viruela del mono?<\/p>\n\n\n\n<p>La enfermedad provoca los siguientes s\u00edntomas: erupciones cut\u00e1neas, que pueden aparecer en los \u00f3rganos genitales o en la boca, y ser acompa\u00f1ada por fiebre, y dolores de garganta.<\/p>\n\n\n\n<p>En la mayor\u00eda de los casos, los pacientes son hombres que mantienen relaciones sexuales con hombres.<\/p>\n\n\n\n<p>Este a\u00f1o se han notificado a la OMS unos 81.107 casos y 55 muertes en 110 pa\u00edses.<\/p>\n\n\n\n<p>El organismo, con sede en Ginebra, tiene la autoridad para bautizar las nuevas enfermedades y, muy excepcionalmente, cambiar el nombre de las ya existentes.<\/p>\n","protected":false},"excerpt":{"rendered":"<p>La Organizaci\u00f3n Mundial de la Salud (OMS) anunci\u00f3 finalmente que la viruela del mono tendr\u00e1 otro nombre para evitar comentarios racistas o estigmatizadores y desde hoy se llamar\u00e1 mpox en todas las lenguas. La OMS se\u00f1al\u00f3 que los dos nombres ser\u00e1n utilizados durante un a\u00f1o, antes de que el t\u00e9rmino monkeypox sea reemplazado por completo. [&hellip;]<\/p>\n","protected":false},"author":4,"featured_media":17048,"comment_status":"open","ping_status":"open","sticky":false,"template":"","format":"standard","meta":{"om_disable_all_campaigns":false,"_monsterinsights_skip_tracking":false,"_monsterinsights_sitenote_active":false,"_monsterinsights_sitenote_note":"","_monsterinsights_sitenote_category":0,"footnotes":""},"categories":[183],"tags":[],"class_list":["post-17047","post","type-post","status-publish","format-standard","has-post-thumbnail","hentry","category-internacional"],"amp_enabled":true,"_links":{"self":[{"href":"https:\/\/lahora.mx\/index.php\/wp-json\/wp\/v2\/posts\/17047","targetHints":{"allow":["GET"]}}],"collection":[{"href":"https:\/\/lahora.mx\/index.php\/wp-json\/wp\/v2\/posts"}],"about":[{"href":"https:\/\/lahora.mx\/index.php\/wp-json\/wp\/v2\/types\/post"}],"author":[{"embeddable":true,"href":"https:\/\/lahora.mx\/index.php\/wp-json\/wp\/v2\/users\/4"}],"replies":[{"embeddable":true,"href":"https:\/\/lahora.mx\/index.php\/wp-json\/wp\/v2\/comments?post=17047"}],"version-history":[{"count":1,"href":"https:\/\/lahora.mx\/index.php\/wp-json\/wp\/v2\/posts\/17047\/revisions"}],"predecessor-version":[{"id":17049,"href":"https:\/\/lahora.mx\/index.php\/wp-json\/wp\/v2\/posts\/17047\/revisions\/17049"}],"wp:featuredmedia":[{"embeddable":true,"href":"https:\/\/lahora.mx\/index.php\/wp-json\/wp\/v2\/media\/17048"}],"wp:attachment":[{"href":"https:\/\/lahora.mx\/index.php\/wp-json\/wp\/v2\/media?parent=17047"}],"wp:term":[{"taxonomy":"category","embeddable":true,"href":"https:\/\/lahora.mx\/index.php\/wp-json\/wp\/v2\/categories?post=17047"},{"taxonomy":"post_tag","embeddable":true,"href":"https:\/\/lahora.mx\/index.php\/wp-json\/wp\/v2\/tags?post=17047"}],"curies":[{"name":"wp","href":"https:\/\/api.w.org\/{rel}","templated":true}]}}