{"id":1693,"date":"2022-01-16T18:26:43","date_gmt":"2022-01-16T18:26:43","guid":{"rendered":"http:\/\/lahora.mx\/?p=1693"},"modified":"2022-01-16T18:28:44","modified_gmt":"2022-01-16T18:28:44","slug":"97-anos-ignacio-lopez-tarso-primer-actor-de-mexico-festeja-junto-a-su-familia","status":"publish","type":"post","link":"https:\/\/lahora.mx\/index.php\/2022\/01\/16\/97-anos-ignacio-lopez-tarso-primer-actor-de-mexico-festeja-junto-a-su-familia\/","title":{"rendered":"97 a\u00f1os Ignacio L\u00f3pez Tarso, primer actor de M\u00e9xico, festeja junto a su familia"},"content":{"rendered":"<p>Con una de las trayectorias actorales m\u00e1s extensas de Latinoam\u00e9rica\u00a0y con el mismo amor a su profesi\u00f3n que el d\u00eda que comenz\u00f3, el primero actor\u00a0<strong>Ignacio L\u00f3pez Tarso<\/strong> festeja su cumplea\u00f1os n\u00famero 97<br \/>\nconvirti\u00e9ndose en uno de los histriones m\u00e1s longevos del medio, por lo que su celebraci\u00f3n representa una gran meta para \u00e9l.<br \/>\nDe acuerdo al primer actor, este nuevo a\u00f1o de vida ser\u00e1 celebrado en compa\u00f1\u00eda de sus seres queridos: los hijos y nietos que viven cerca de \u00e9l.<\/p>\n<p>\u201cVoy a estar con mis hijos y nietos, los m\u00e1s cercanos. Tengo a uno muy lejos en Nueva York y a otro en Mexicali, y los que est\u00e9n aqu\u00ed muy cerca estar\u00e1n conmigo. Ser\u00e1 una comida una agradable, con mis 3 hijos, unos 8 nietos y unos 15 bisnietos\u201c, comparti\u00f3 Ignacio L\u00f3pez Tarso en entrevista con el programa\u00a0<em>Hoy<\/em>.<\/p>\n<p>Asimismo, Don Ignacio habl\u00f3 sobre la ilusi\u00f3n que le hace acercarse a los 100 a\u00f1os de vida e incluso adelant\u00f3 que le encantar\u00eda celebrarlo protagonizando una gran obra de teatro.<br \/>\nAdemas lo largo de su extensa trayectoria, Ignacio L\u00f3pez Tarso ha formado parte de m\u00e1s de 50 pel\u00edculas, como Macario y Nazar\u00edn; en m\u00e1s de 20 series y 34 telenovelas como El derecho de nacer, Sendas de gloria y Esmeralda.<br \/>\nSin duda un gran actor mexicano que a marcado las generaciones de miles de espectadores que lo han seguido en su larga trayectoria.<\/p>\n","protected":false},"excerpt":{"rendered":"<p>Con una de las trayectorias actorales m\u00e1s extensas de Latinoam\u00e9rica\u00a0y con el mismo amor a su profesi\u00f3n que el d\u00eda que comenz\u00f3, el primero actor\u00a0Ignacio L\u00f3pez Tarso festeja su cumplea\u00f1os n\u00famero 97 convirti\u00e9ndose en uno de los histriones m\u00e1s longevos del medio, por lo que su celebraci\u00f3n representa una gran meta para \u00e9l. De acuerdo [&hellip;]<\/p>\n","protected":false},"author":4,"featured_media":1694,"comment_status":"open","ping_status":"open","sticky":false,"template":"","format":"standard","meta":{"om_disable_all_campaigns":false,"_monsterinsights_skip_tracking":false,"_monsterinsights_sitenote_active":false,"_monsterinsights_sitenote_note":"","_monsterinsights_sitenote_category":0,"footnotes":""},"categories":[3,176],"tags":[],"class_list":["post-1693","post","type-post","status-publish","format-standard","has-post-thumbnail","hentry","category-entretenimiento","category-nacional"],"amp_enabled":true,"_links":{"self":[{"href":"https:\/\/lahora.mx\/index.php\/wp-json\/wp\/v2\/posts\/1693","targetHints":{"allow":["GET"]}}],"collection":[{"href":"https:\/\/lahora.mx\/index.php\/wp-json\/wp\/v2\/posts"}],"about":[{"href":"https:\/\/lahora.mx\/index.php\/wp-json\/wp\/v2\/types\/post"}],"author":[{"embeddable":true,"href":"https:\/\/lahora.mx\/index.php\/wp-json\/wp\/v2\/users\/4"}],"replies":[{"embeddable":true,"href":"https:\/\/lahora.mx\/index.php\/wp-json\/wp\/v2\/comments?post=1693"}],"version-history":[{"count":3,"href":"https:\/\/lahora.mx\/index.php\/wp-json\/wp\/v2\/posts\/1693\/revisions"}],"predecessor-version":[{"id":1697,"href":"https:\/\/lahora.mx\/index.php\/wp-json\/wp\/v2\/posts\/1693\/revisions\/1697"}],"wp:featuredmedia":[{"embeddable":true,"href":"https:\/\/lahora.mx\/index.php\/wp-json\/wp\/v2\/media\/1694"}],"wp:attachment":[{"href":"https:\/\/lahora.mx\/index.php\/wp-json\/wp\/v2\/media?parent=1693"}],"wp:term":[{"taxonomy":"category","embeddable":true,"href":"https:\/\/lahora.mx\/index.php\/wp-json\/wp\/v2\/categories?post=1693"},{"taxonomy":"post_tag","embeddable":true,"href":"https:\/\/lahora.mx\/index.php\/wp-json\/wp\/v2\/tags?post=1693"}],"curies":[{"name":"wp","href":"https:\/\/api.w.org\/{rel}","templated":true}]}}