{"id":16915,"date":"2022-11-25T16:37:18","date_gmt":"2022-11-25T16:37:18","guid":{"rendered":"http:\/\/lahora.mx\/?p=16915"},"modified":"2022-11-25T16:37:19","modified_gmt":"2022-11-25T16:37:19","slug":"amlo-anuncia-visita-de-biden-y-trudeau-en-enero-de-2023-para-cumbre-de-america-del-norte","status":"publish","type":"post","link":"https:\/\/lahora.mx\/index.php\/2022\/11\/25\/amlo-anuncia-visita-de-biden-y-trudeau-en-enero-de-2023-para-cumbre-de-america-del-norte\/","title":{"rendered":"AMLO anuncia visita de Biden y Trudeau en enero de 2023 para Cumbre de Am\u00e9rica del Norte"},"content":{"rendered":"\n<p>El presidente Andr\u00e9s Manuel L\u00f3pez Obrador adelant\u00f3 que su hom\u00f3logo de Estados Unidos, Joe Biden y el primer ministro de Canad\u00e1, Justin Trudeau, visitar\u00e1n M\u00e9xico la segunda semana de enero de 2023 para la Cumbre de L\u00edderes de Am\u00e9rica del Norte que tendr\u00e1 como sede la Ciudad de M\u00e9xico.<\/p>\n\n\n\n<p>\u201cDarles una noticia, nos va a visitar el presidente Biden va a ser el lunes 9 y martes 10 de enero, vienen los dos (Justine Trudeau)\u201d.<\/p>\n\n\n\n<p>En conferencia de prensa, en Palacio Nacional, el Jefe del Ejecutivo dijo que prev\u00e9 que antes de la Cumbre haya reuniones bilaterales con el presidente Biden y posteriormente con el primer ministro de Canad\u00e1.<\/p>\n\n\n\n<p>\u201cY luego ya la Cumbre aqu\u00ed, la sede va a ser la Ciudad de M\u00e9xico\u201d.<\/p>\n\n\n\n<p>El presidente L\u00f3pez Obrador asegur\u00f3 que el Air Force One, la aeronave oficial del presidente Biden, es muy grande aterrizar\u00e1 en el nuevo Aeropuerto Internacional Felipe \u00c1ngeles (AIFA).<\/p>\n\n\n\n<p>\u201cEl Aeropuerto Internacional de la Ciudad de M\u00e9xico tiene tambi\u00e9n capacidad, pero ahora los Jefes de Estado y los Presidentes est\u00e1n escogiendo llegar al Aeropuerto Felipe \u00c1ngeles\u201d.<\/p>\n\n\n\n<p>Sobre los temas de la Cumbre y las reuniones bilaterales dijo que en los pr\u00f3ximos d\u00edas se dar\u00e1 informaci\u00f3n.<\/p>\n","protected":false},"excerpt":{"rendered":"<p>El presidente Andr\u00e9s Manuel L\u00f3pez Obrador adelant\u00f3 que su hom\u00f3logo de Estados Unidos, Joe Biden y el primer ministro de Canad\u00e1, Justin Trudeau, visitar\u00e1n M\u00e9xico la segunda semana de enero de 2023 para la Cumbre de L\u00edderes de Am\u00e9rica del Norte que tendr\u00e1 como sede la Ciudad de M\u00e9xico. \u201cDarles una noticia, nos va a [&hellip;]<\/p>\n","protected":false},"author":4,"featured_media":16916,"comment_status":"open","ping_status":"open","sticky":false,"template":"","format":"standard","meta":{"om_disable_all_campaigns":false,"_monsterinsights_skip_tracking":false,"_monsterinsights_sitenote_active":false,"_monsterinsights_sitenote_note":"","_monsterinsights_sitenote_category":0,"footnotes":""},"categories":[176],"tags":[],"class_list":["post-16915","post","type-post","status-publish","format-standard","has-post-thumbnail","hentry","category-nacional"],"amp_enabled":true,"_links":{"self":[{"href":"https:\/\/lahora.mx\/index.php\/wp-json\/wp\/v2\/posts\/16915","targetHints":{"allow":["GET"]}}],"collection":[{"href":"https:\/\/lahora.mx\/index.php\/wp-json\/wp\/v2\/posts"}],"about":[{"href":"https:\/\/lahora.mx\/index.php\/wp-json\/wp\/v2\/types\/post"}],"author":[{"embeddable":true,"href":"https:\/\/lahora.mx\/index.php\/wp-json\/wp\/v2\/users\/4"}],"replies":[{"embeddable":true,"href":"https:\/\/lahora.mx\/index.php\/wp-json\/wp\/v2\/comments?post=16915"}],"version-history":[{"count":1,"href":"https:\/\/lahora.mx\/index.php\/wp-json\/wp\/v2\/posts\/16915\/revisions"}],"predecessor-version":[{"id":16917,"href":"https:\/\/lahora.mx\/index.php\/wp-json\/wp\/v2\/posts\/16915\/revisions\/16917"}],"wp:featuredmedia":[{"embeddable":true,"href":"https:\/\/lahora.mx\/index.php\/wp-json\/wp\/v2\/media\/16916"}],"wp:attachment":[{"href":"https:\/\/lahora.mx\/index.php\/wp-json\/wp\/v2\/media?parent=16915"}],"wp:term":[{"taxonomy":"category","embeddable":true,"href":"https:\/\/lahora.mx\/index.php\/wp-json\/wp\/v2\/categories?post=16915"},{"taxonomy":"post_tag","embeddable":true,"href":"https:\/\/lahora.mx\/index.php\/wp-json\/wp\/v2\/tags?post=16915"}],"curies":[{"name":"wp","href":"https:\/\/api.w.org\/{rel}","templated":true}]}}