{"id":16886,"date":"2022-11-24T20:49:58","date_gmt":"2022-11-24T20:49:58","guid":{"rendered":"http:\/\/lahora.mx\/?p=16886"},"modified":"2022-11-24T21:40:43","modified_gmt":"2022-11-24T21:40:43","slug":"en-marcha-lopez-obrador-le-pondra-nombre-a-su-modelo-politico","status":"publish","type":"post","link":"https:\/\/lahora.mx\/index.php\/2022\/11\/24\/en-marcha-lopez-obrador-le-pondra-nombre-a-su-modelo-politico\/","title":{"rendered":"En marcha, L\u00f3pez Obrador le pondr\u00e1 nombre a su \u2018modelo pol\u00edtico\u2019"},"content":{"rendered":"\n<p>Al llamar nuevamente a participar en la marcha del 27 de noviembre del \u00c1ngel al Z\u00f3calo, el presidente Andr\u00e9s Manuel L\u00f3pez Obrador asegur\u00f3 que all\u00ed dar\u00e1 nombre al \u201cmodelo pol\u00edtico, econ\u00f3mico y social\u201d.<\/p>\n\n\n\n<p>Y es que el mandatario asegur\u00f3 en su conferencia en Palacio Nacional que el movimiento que encabeza no es ni neoliberal ni populista, por lo que, afirm\u00f3, el pr\u00f3ximo domingo plantear\u00e1 el nombre para su modelo pol\u00edtico.<\/p>\n\n\n\n<p>\u201cVoy a definir c\u00f3mo podr\u00edamos denominar, te\u00f3ricamente, el modelo pol\u00edtico, econ\u00f3mico y social que estamos llevando a cabo en M\u00e9xico, porque no es, desde luego, neoliberalismo, tampoco es, como dicen nuestros adversarios, populismo<\/p>\n\n\n\n<p>\u201cYa lleg\u00f3 el momento en que tenemos que definir te\u00f3ricamente c\u00f3mo le vamos a llamar a esto que estamos aplicando y lo voy a proponer\u201d, coment\u00f3.<\/p>\n\n\n\n<p>L\u00f3pez Obrador reiter\u00f3 el llamado para que la manifestaci\u00f3n, posiblemente la \u00faltima que encabece, se lleve a cabo de manera pac\u00edfica y como una fiesta.<\/p>\n\n\n\n<p>Reiter\u00f3 que el objetivo es celebrar los logros de la Cuarta Trasformaci\u00f3n a lo largo de cuatro a\u00f1os de gobierno.<\/p>\n\n\n\n<p>Y precisamente, una vez arribe al Z\u00f3calo, el presidente ofrecer\u00e1 su Cuarto Informe de Gobierno.<\/p>\n","protected":false},"excerpt":{"rendered":"<p>Al llamar nuevamente a participar en la marcha del 27 de noviembre del \u00c1ngel al Z\u00f3calo, el presidente Andr\u00e9s Manuel L\u00f3pez Obrador asegur\u00f3 que all\u00ed dar\u00e1 nombre al \u201cmodelo pol\u00edtico, econ\u00f3mico y social\u201d. Y es que el mandatario asegur\u00f3 en su conferencia en Palacio Nacional que el movimiento que encabeza no es ni neoliberal ni [&hellip;]<\/p>\n","protected":false},"author":4,"featured_media":16887,"comment_status":"open","ping_status":"open","sticky":false,"template":"","format":"standard","meta":{"om_disable_all_campaigns":false,"_monsterinsights_skip_tracking":false,"_monsterinsights_sitenote_active":false,"_monsterinsights_sitenote_note":"","_monsterinsights_sitenote_category":0,"footnotes":""},"categories":[176],"tags":[],"class_list":["post-16886","post","type-post","status-publish","format-standard","has-post-thumbnail","hentry","category-nacional"],"amp_enabled":true,"_links":{"self":[{"href":"https:\/\/lahora.mx\/index.php\/wp-json\/wp\/v2\/posts\/16886","targetHints":{"allow":["GET"]}}],"collection":[{"href":"https:\/\/lahora.mx\/index.php\/wp-json\/wp\/v2\/posts"}],"about":[{"href":"https:\/\/lahora.mx\/index.php\/wp-json\/wp\/v2\/types\/post"}],"author":[{"embeddable":true,"href":"https:\/\/lahora.mx\/index.php\/wp-json\/wp\/v2\/users\/4"}],"replies":[{"embeddable":true,"href":"https:\/\/lahora.mx\/index.php\/wp-json\/wp\/v2\/comments?post=16886"}],"version-history":[{"count":1,"href":"https:\/\/lahora.mx\/index.php\/wp-json\/wp\/v2\/posts\/16886\/revisions"}],"predecessor-version":[{"id":16888,"href":"https:\/\/lahora.mx\/index.php\/wp-json\/wp\/v2\/posts\/16886\/revisions\/16888"}],"wp:featuredmedia":[{"embeddable":true,"href":"https:\/\/lahora.mx\/index.php\/wp-json\/wp\/v2\/media\/16887"}],"wp:attachment":[{"href":"https:\/\/lahora.mx\/index.php\/wp-json\/wp\/v2\/media?parent=16886"}],"wp:term":[{"taxonomy":"category","embeddable":true,"href":"https:\/\/lahora.mx\/index.php\/wp-json\/wp\/v2\/categories?post=16886"},{"taxonomy":"post_tag","embeddable":true,"href":"https:\/\/lahora.mx\/index.php\/wp-json\/wp\/v2\/tags?post=16886"}],"curies":[{"name":"wp","href":"https:\/\/api.w.org\/{rel}","templated":true}]}}