{"id":1687,"date":"2022-01-16T15:25:57","date_gmt":"2022-01-16T15:25:57","guid":{"rendered":"http:\/\/lahora.mx\/?p=1687"},"modified":"2022-01-16T15:25:57","modified_gmt":"2022-01-16T15:25:57","slug":"amenaza-chidiac-que-no-pidan-recursos-municipios-que-derogaron-el-dap","status":"publish","type":"post","link":"https:\/\/lahora.mx\/index.php\/2022\/01\/16\/amenaza-chidiac-que-no-pidan-recursos-municipios-que-derogaron-el-dap\/","title":{"rendered":"Amenaza Chidiac, que no pidan recursos municipios que derogaron el DAP"},"content":{"rendered":"<p>Los municipios que \u201cse dejaron presionar\u201d para anular el cobro del <strong>Derecho de Alumbrado P\u00fablico<\/strong>\u00a0(DAP) que no vengan al\u00a0<strong>Congreso del estado\u00a0<\/strong>a pedir recursos para obras o para programas, inform\u00f3 el presidente de la Comisi\u00f3n de Hacienda y Patrimonio Municipal, <strong>Jorge Estefan Chidiac<\/strong>.<\/p>\n<p>El pri\u00edsta ironiz\u00f3 que seguramente a esos Ayuntamientos \u201c<strong>les sobra dinero<\/strong>, no necesitan apoyar el alumbrado p\u00fablico con esos recursos que tuvieron el a\u00f1o pasado cobrando fuera de la ley\u201d. Manifestando<\/p>\n<blockquote><p>Seguramente nadan en dinero para renunciar a un ingreso que han tenido en los \u00faltimos 20 a\u00f1os<\/p><\/blockquote>\n<p>Su opini\u00f3n destaca luego de que los municipios de\u00a0<strong>Coxcatl\u00e1n<\/strong>\u00a0y\u00a0<strong>San Gabriel Chilac<\/strong>\u00a0notificaron al Congreso del estado la derogaci\u00f3n que hicieron al cobro del Derecho de Alumbrado P\u00fablico (<strong>DAP<\/strong>).<\/p>\n<p>A su vez, Estefan Chidiac lament\u00f3 que la diputada federal de\u00a0<strong>Morena<\/strong>,\u00a0<strong>In\u00e9s Parra<\/strong>, \u201cpor sus propios intereses personales\u201d est\u00e9 enga\u00f1ando a la gente y est\u00e9 incitando a la violencia en la regi\u00f3n de la Sierra Negra y Ajalpan. Aclarando<\/p>\n<blockquote><p>Lo que aqu\u00ed (en el Congreso) se aprob\u00f3 fue continuar con ese cobro sin aumentarle a nadie, sin embargo se le puso un tope al cobro m\u00e1ximo que es lo que est\u00e1 en el decreto y enga\u00f1an a la gente dici\u00e9ndole que el tope es lo que se les va a cobrar a todos.<\/p><\/blockquote>\n<p>Dijo que la legisladora federal\u00a0<strong>est\u00e1 utilizando a la gente<\/strong>\u00a0\u201cporque seguramente ya est\u00e1 en acuerdo con alg\u00fan aspirante a la gubernatura para ir generando crisis aqu\u00ed, y es un asunto entre morenistas\u201d.<\/p>\n","protected":false},"excerpt":{"rendered":"<p>Los municipios que \u201cse dejaron presionar\u201d para anular el cobro del Derecho de Alumbrado P\u00fablico\u00a0(DAP) que no vengan al\u00a0Congreso del estado\u00a0a pedir recursos para obras o para programas, inform\u00f3 el presidente de la Comisi\u00f3n de Hacienda y Patrimonio Municipal, Jorge Estefan Chidiac. El pri\u00edsta ironiz\u00f3 que seguramente a esos Ayuntamientos \u201cles sobra dinero, no necesitan [&hellip;]<\/p>\n","protected":false},"author":5,"featured_media":1688,"comment_status":"open","ping_status":"open","sticky":false,"template":"","format":"standard","meta":{"om_disable_all_campaigns":false,"_monsterinsights_skip_tracking":false,"_monsterinsights_sitenote_active":false,"_monsterinsights_sitenote_note":"","_monsterinsights_sitenote_category":0,"footnotes":""},"categories":[5],"tags":[223],"class_list":["post-1687","post","type-post","status-publish","format-standard","has-post-thumbnail","hentry","category-politica","tag-puebla"],"amp_enabled":true,"_links":{"self":[{"href":"https:\/\/lahora.mx\/index.php\/wp-json\/wp\/v2\/posts\/1687","targetHints":{"allow":["GET"]}}],"collection":[{"href":"https:\/\/lahora.mx\/index.php\/wp-json\/wp\/v2\/posts"}],"about":[{"href":"https:\/\/lahora.mx\/index.php\/wp-json\/wp\/v2\/types\/post"}],"author":[{"embeddable":true,"href":"https:\/\/lahora.mx\/index.php\/wp-json\/wp\/v2\/users\/5"}],"replies":[{"embeddable":true,"href":"https:\/\/lahora.mx\/index.php\/wp-json\/wp\/v2\/comments?post=1687"}],"version-history":[{"count":1,"href":"https:\/\/lahora.mx\/index.php\/wp-json\/wp\/v2\/posts\/1687\/revisions"}],"predecessor-version":[{"id":1689,"href":"https:\/\/lahora.mx\/index.php\/wp-json\/wp\/v2\/posts\/1687\/revisions\/1689"}],"wp:featuredmedia":[{"embeddable":true,"href":"https:\/\/lahora.mx\/index.php\/wp-json\/wp\/v2\/media\/1688"}],"wp:attachment":[{"href":"https:\/\/lahora.mx\/index.php\/wp-json\/wp\/v2\/media?parent=1687"}],"wp:term":[{"taxonomy":"category","embeddable":true,"href":"https:\/\/lahora.mx\/index.php\/wp-json\/wp\/v2\/categories?post=1687"},{"taxonomy":"post_tag","embeddable":true,"href":"https:\/\/lahora.mx\/index.php\/wp-json\/wp\/v2\/tags?post=1687"}],"curies":[{"name":"wp","href":"https:\/\/api.w.org\/{rel}","templated":true}]}}