{"id":16868,"date":"2022-11-24T18:39:24","date_gmt":"2022-11-24T18:39:24","guid":{"rendered":"http:\/\/lahora.mx\/?p=16868"},"modified":"2022-11-24T18:39:25","modified_gmt":"2022-11-24T18:39:25","slug":"amenaza-de-muerte-contra-amlo","status":"publish","type":"post","link":"https:\/\/lahora.mx\/index.php\/2022\/11\/24\/amenaza-de-muerte-contra-amlo\/","title":{"rendered":"Amenaza de muerte contra AMLO"},"content":{"rendered":"\n<p>La Fiscal\u00eda General de la Rep\u00fablica (FGR) confirm\u00f3 que tiene abierta una carpeta de investigaci\u00f3n por amenaza de muerte al presidente L\u00f3pez Obrador. De acuerdo con la instituci\u00f3n que encabeza el fiscal Alejandro Gertz Manero, esta amenaza se dio entre el 1 de diciembre de 2018 y el 24 de mayo de 2022, aunque no precisa la fecha exacta, persona o grupo que realiz\u00f3 esta advertencia al mandatario.<\/p>\n\n\n\n<p>En la respuesta a un recurso de revisi\u00f3n que interpuso El Sol de M\u00e9xico respecto a las amenazas de muerte que recibieron los expresidentes Vicente Fox (2000-2006), Felipe Calder\u00f3n (2006-2012) y Enrique Pe\u00f1a Nieto (2012-2018), as\u00ed como el mandatario L\u00f3pez Obrador en lo que va de su gobierno, la Fiscal\u00eda revel\u00f3 que solamente el actual presidente de M\u00e9xico es el que presenta un registro de amenaza de muerte.<br>Ayer, en la ma\u00f1anera que se realiz\u00f3 en la D\u00e9cima Regi\u00f3n Militar ubicada en Manzanillo, Colima, L\u00f3pez Obrador inform\u00f3 que la gobernadora de la entidad, Indira Vizca\u00edno, fue amenazada por grupos del crimen organizado; sin embargo, asegur\u00f3 que est\u00e1 siendo protegida.<\/p>\n\n\n\n<p>\u201cEs importante que se enteren en todo el pa\u00eds, la gobernadora de Colima fue amenazada; y resisti\u00f3 y est\u00e1 protegida por nosotros y el pueblo\u201d, indic\u00f3 el presidente.<\/p>\n\n\n\n<p>El pasado 19 de octubre, el Pleno del Instituto Nacional de Transparencia, Acceso a la Informaci\u00f3n y Protecci\u00f3n de Datos Personales (INAI) resolvi\u00f3 por unanimidad obligar a la FGR entregar a este diario informaci\u00f3n sobre las denuncias y carpetas de investigaci\u00f3n aperturadas por amenazas de muerte contra los tres \u00faltimos presidentes y el actual jefe del Ejecutivo.<\/p>\n","protected":false},"excerpt":{"rendered":"<p>La Fiscal\u00eda General de la Rep\u00fablica (FGR) confirm\u00f3 que tiene abierta una carpeta de investigaci\u00f3n por amenaza de muerte al presidente L\u00f3pez Obrador. De acuerdo con la instituci\u00f3n que encabeza el fiscal Alejandro Gertz Manero, esta amenaza se dio entre el 1 de diciembre de 2018 y el 24 de mayo de 2022, aunque no [&hellip;]<\/p>\n","protected":false},"author":4,"featured_media":16869,"comment_status":"open","ping_status":"open","sticky":false,"template":"","format":"standard","meta":{"om_disable_all_campaigns":false,"_monsterinsights_skip_tracking":false,"_monsterinsights_sitenote_active":false,"_monsterinsights_sitenote_note":"","_monsterinsights_sitenote_category":0,"footnotes":""},"categories":[176],"tags":[195],"class_list":["post-16868","post","type-post","status-publish","format-standard","has-post-thumbnail","hentry","category-nacional","tag-principal"],"amp_enabled":true,"_links":{"self":[{"href":"https:\/\/lahora.mx\/index.php\/wp-json\/wp\/v2\/posts\/16868","targetHints":{"allow":["GET"]}}],"collection":[{"href":"https:\/\/lahora.mx\/index.php\/wp-json\/wp\/v2\/posts"}],"about":[{"href":"https:\/\/lahora.mx\/index.php\/wp-json\/wp\/v2\/types\/post"}],"author":[{"embeddable":true,"href":"https:\/\/lahora.mx\/index.php\/wp-json\/wp\/v2\/users\/4"}],"replies":[{"embeddable":true,"href":"https:\/\/lahora.mx\/index.php\/wp-json\/wp\/v2\/comments?post=16868"}],"version-history":[{"count":1,"href":"https:\/\/lahora.mx\/index.php\/wp-json\/wp\/v2\/posts\/16868\/revisions"}],"predecessor-version":[{"id":16870,"href":"https:\/\/lahora.mx\/index.php\/wp-json\/wp\/v2\/posts\/16868\/revisions\/16870"}],"wp:featuredmedia":[{"embeddable":true,"href":"https:\/\/lahora.mx\/index.php\/wp-json\/wp\/v2\/media\/16869"}],"wp:attachment":[{"href":"https:\/\/lahora.mx\/index.php\/wp-json\/wp\/v2\/media?parent=16868"}],"wp:term":[{"taxonomy":"category","embeddable":true,"href":"https:\/\/lahora.mx\/index.php\/wp-json\/wp\/v2\/categories?post=16868"},{"taxonomy":"post_tag","embeddable":true,"href":"https:\/\/lahora.mx\/index.php\/wp-json\/wp\/v2\/tags?post=16868"}],"curies":[{"name":"wp","href":"https:\/\/api.w.org\/{rel}","templated":true}]}}