{"id":1682,"date":"2022-01-16T15:14:11","date_gmt":"2022-01-16T15:14:11","guid":{"rendered":"http:\/\/lahora.mx\/?p=1682"},"modified":"2022-01-16T15:14:11","modified_gmt":"2022-01-16T15:14:11","slug":"eduardo-rivera-perez-avanza-en-la-construccion-de-mas-calles-ahora-al-sur-de-la-ciudad","status":"publish","type":"post","link":"https:\/\/lahora.mx\/index.php\/2022\/01\/16\/eduardo-rivera-perez-avanza-en-la-construccion-de-mas-calles-ahora-al-sur-de-la-ciudad\/","title":{"rendered":"Eduardo Rivera P\u00e9rez avanza en la construcci\u00f3n de m\u00e1s calles, ahora al sur de la ciudad"},"content":{"rendered":"<p>Santa Catarina Coatepec se beneficiar\u00e1 con la pavimentaci\u00f3n de dos mil 398 metros cuadrados de calles.<\/p>\n<p>En seguimiento permanente a la ejecuci\u00f3n del Programa \u201c1,000 Calles\u201d, Eduardo Rivera P\u00e9rez, Presidente Municipal de Puebla, supervis\u00f3 los trabajos de rehabilitaci\u00f3n vial de la calle Colorines, as\u00ed como de las privadas Alcanfores y Pinares en Santa Catarina Coatepec, al sur de la ciudad.<\/p>\n<p>En recorrido por la obra, Rivera P\u00e9rez constat\u00f3 un avance del 60 por ciento en las labores, por lo que se espera la obra concluya en 15 d\u00edas.<\/p>\n<p>\u00abEsta calle tiene una inversi\u00f3n de 5.2 millones de pesos y vamos a pavimentar dos mil 398 metros cuadrados. En esta zona pues tenemos 13 colonias, ocho escuelas y tambi\u00e9n siete rutas del transporte p\u00fablico\u00bb, explic\u00f3 el edil, sobre los beneficios en materia de conectividad vial que representa la intervenci\u00f3n.<\/p>\n<p>Adem\u00e1s de la construcci\u00f3n de carpeta asf\u00e1ltica, la obra contempla la construcci\u00f3n de banquetas, instalaci\u00f3n de un nuevo parque lum\u00ednico, se\u00f1alamiento vial y arborizaci\u00f3n, detall\u00f3 \u00c9dgar V\u00e9lez Tirado, Secretario de Movilidad e Infraestructura.<\/p>\n<p><img fetchpriority=\"high\" decoding=\"async\" class=\"alignnone size-medium wp-image-1683\" src=\"https:\/\/lahora.mx\/wp-content\/uploads\/2022\/01\/WhatsApp-Image-2022-01-16-at-8.48.45-AM-1-300x200.jpeg\" alt=\"\" width=\"300\" height=\"200\" srcset=\"https:\/\/lahora.mx\/wp-content\/uploads\/2022\/01\/WhatsApp-Image-2022-01-16-at-8.48.45-AM-1-300x200.jpeg 300w, https:\/\/lahora.mx\/wp-content\/uploads\/2022\/01\/WhatsApp-Image-2022-01-16-at-8.48.45-AM-1-1024x682.jpeg 1024w, https:\/\/lahora.mx\/wp-content\/uploads\/2022\/01\/WhatsApp-Image-2022-01-16-at-8.48.45-AM-1-768x512.jpeg 768w, https:\/\/lahora.mx\/wp-content\/uploads\/2022\/01\/WhatsApp-Image-2022-01-16-at-8.48.45-AM-1.jpeg 1280w\" sizes=\"(max-width: 300px) 100vw, 300px\" \/> <img decoding=\"async\" class=\"alignnone size-medium wp-image-1684\" src=\"https:\/\/lahora.mx\/wp-content\/uploads\/2022\/01\/WhatsApp-Image-2022-01-16-at-8.48.45-AM-300x200.jpeg\" alt=\"\" width=\"300\" height=\"200\" srcset=\"https:\/\/lahora.mx\/wp-content\/uploads\/2022\/01\/WhatsApp-Image-2022-01-16-at-8.48.45-AM-300x200.jpeg 300w, https:\/\/lahora.mx\/wp-content\/uploads\/2022\/01\/WhatsApp-Image-2022-01-16-at-8.48.45-AM-1024x682.jpeg 1024w, https:\/\/lahora.mx\/wp-content\/uploads\/2022\/01\/WhatsApp-Image-2022-01-16-at-8.48.45-AM-768x512.jpeg 768w, https:\/\/lahora.mx\/wp-content\/uploads\/2022\/01\/WhatsApp-Image-2022-01-16-at-8.48.45-AM.jpeg 1280w\" sizes=\"(max-width: 300px) 100vw, 300px\" \/><\/p>\n<p>A la par de la supervisi\u00f3n, el alcalde tambi\u00e9n distingui\u00f3 a vecinas y vecinos, integrantes del Comit\u00e9 de Participaci\u00f3n Ciudadana de la localidad, por su disposici\u00f3n y alta corresponsabilidad social en la correcci\u00f3n del rumbo de Puebla.<\/p>\n<p>En este sentido, Ana Teresa Aranda Orozco, Diputada Federal de la LXV Legislatura dijo: \u00abS\u00f3lo hay buen gobierno cuando los ciudadanos exigen, cuando los ciudadanos participan, cuando los ciudadanos colaboran, porque exigir sin cooperar tampoco tendr\u00eda sentido\u00bb.<\/p>\n","protected":false},"excerpt":{"rendered":"<p>Santa Catarina Coatepec se beneficiar\u00e1 con la pavimentaci\u00f3n de dos mil 398 metros cuadrados de calles. En seguimiento permanente a la ejecuci\u00f3n del Programa \u201c1,000 Calles\u201d, Eduardo Rivera P\u00e9rez, Presidente Municipal de Puebla, supervis\u00f3 los trabajos de rehabilitaci\u00f3n vial de la calle Colorines, as\u00ed como de las privadas Alcanfores y Pinares en Santa Catarina Coatepec, [&hellip;]<\/p>\n","protected":false},"author":5,"featured_media":1685,"comment_status":"open","ping_status":"open","sticky":false,"template":"","format":"standard","meta":{"om_disable_all_campaigns":false,"_monsterinsights_skip_tracking":false,"_monsterinsights_sitenote_active":false,"_monsterinsights_sitenote_note":"","_monsterinsights_sitenote_category":0,"footnotes":""},"categories":[175],"tags":[223],"class_list":["post-1682","post","type-post","status-publish","format-standard","has-post-thumbnail","hentry","category-local","tag-puebla"],"amp_enabled":true,"_links":{"self":[{"href":"https:\/\/lahora.mx\/index.php\/wp-json\/wp\/v2\/posts\/1682","targetHints":{"allow":["GET"]}}],"collection":[{"href":"https:\/\/lahora.mx\/index.php\/wp-json\/wp\/v2\/posts"}],"about":[{"href":"https:\/\/lahora.mx\/index.php\/wp-json\/wp\/v2\/types\/post"}],"author":[{"embeddable":true,"href":"https:\/\/lahora.mx\/index.php\/wp-json\/wp\/v2\/users\/5"}],"replies":[{"embeddable":true,"href":"https:\/\/lahora.mx\/index.php\/wp-json\/wp\/v2\/comments?post=1682"}],"version-history":[{"count":1,"href":"https:\/\/lahora.mx\/index.php\/wp-json\/wp\/v2\/posts\/1682\/revisions"}],"predecessor-version":[{"id":1686,"href":"https:\/\/lahora.mx\/index.php\/wp-json\/wp\/v2\/posts\/1682\/revisions\/1686"}],"wp:featuredmedia":[{"embeddable":true,"href":"https:\/\/lahora.mx\/index.php\/wp-json\/wp\/v2\/media\/1685"}],"wp:attachment":[{"href":"https:\/\/lahora.mx\/index.php\/wp-json\/wp\/v2\/media?parent=1682"}],"wp:term":[{"taxonomy":"category","embeddable":true,"href":"https:\/\/lahora.mx\/index.php\/wp-json\/wp\/v2\/categories?post=1682"},{"taxonomy":"post_tag","embeddable":true,"href":"https:\/\/lahora.mx\/index.php\/wp-json\/wp\/v2\/tags?post=1682"}],"curies":[{"name":"wp","href":"https:\/\/api.w.org\/{rel}","templated":true}]}}