{"id":16814,"date":"2022-11-24T01:00:17","date_gmt":"2022-11-24T01:00:17","guid":{"rendered":"http:\/\/lahora.mx\/?p=16814"},"modified":"2022-11-24T01:00:17","modified_gmt":"2022-11-24T01:00:17","slug":"claudia-sheinbaum-se-destapa-para-ser-presidenta-de-mexico-en-2024","status":"publish","type":"post","link":"https:\/\/lahora.mx\/index.php\/2022\/11\/24\/claudia-sheinbaum-se-destapa-para-ser-presidenta-de-mexico-en-2024\/","title":{"rendered":"Claudia Sheinbaum se destapa para ser presidenta de M\u00e9xico en 2024"},"content":{"rendered":"\n<p>La Jefa de Gobierno, Claudia Sheinbaum Pardo, anunci\u00f3 p\u00fablicamente que quiere ser la presidenta de M\u00e9xico en 2024 y que va por el triunfo en la encuesta para ser la candidata del partido MORENA.<\/p>\n\n\n\n<p>\u201cPrimero, la Jefatura de Gobierno, es la labor que tenemos en este momento y en el momento que se presente, ah\u00ed vamos a estar en la encuesta. \u00bfS\u00ed quiere ser Presidenta, doctora? S\u00ed, quiero ser Presidenta\u201d, afirm\u00f3.<br>En las \u00faltimas semanas se han publicado encuestas donde los mexicanos ponen a la mandataria capitalina como la favorita para ganar las elecciones y quien va a dar continuidad a la 4T en M\u00e9xico.<\/p>\n\n\n\n<p>\u00bfQui\u00e9n es Claudia Sheinbaum?<\/p>\n\n\n\n<p>Claudia Sheinbaum es doctora en Ingenier\u00eda Ambiental por la UNAM; en 2007 fue integrante del Panel Intergubernamental de Cambio Clim\u00e1tico que recibi\u00f3 el Premio Nobel de la Paz; fungi\u00f3 como Jefa Delegacional en Tlalpan de 2015 a 2017; y coordin\u00f3 los ejes de gobierno y pol\u00edtica en la elaboraci\u00f3n del Proyecto de Naci\u00f3n de la Cuarta Transformaci\u00f3n en las elecciones presidenciales de 2018 donde triunf\u00f3 Andr\u00e9s Manuel L\u00f3pez Obrador.<\/p>\n","protected":false},"excerpt":{"rendered":"<p>La Jefa de Gobierno, Claudia Sheinbaum Pardo, anunci\u00f3 p\u00fablicamente que quiere ser la presidenta de M\u00e9xico en 2024 y que va por el triunfo en la encuesta para ser la candidata del partido MORENA. \u201cPrimero, la Jefatura de Gobierno, es la labor que tenemos en este momento y en el momento que se presente, ah\u00ed [&hellip;]<\/p>\n","protected":false},"author":4,"featured_media":16815,"comment_status":"open","ping_status":"open","sticky":false,"template":"","format":"standard","meta":{"om_disable_all_campaigns":false,"_monsterinsights_skip_tracking":false,"_monsterinsights_sitenote_active":false,"_monsterinsights_sitenote_note":"","_monsterinsights_sitenote_category":0,"footnotes":""},"categories":[176],"tags":[195],"class_list":["post-16814","post","type-post","status-publish","format-standard","has-post-thumbnail","hentry","category-nacional","tag-principal"],"amp_enabled":true,"_links":{"self":[{"href":"https:\/\/lahora.mx\/index.php\/wp-json\/wp\/v2\/posts\/16814","targetHints":{"allow":["GET"]}}],"collection":[{"href":"https:\/\/lahora.mx\/index.php\/wp-json\/wp\/v2\/posts"}],"about":[{"href":"https:\/\/lahora.mx\/index.php\/wp-json\/wp\/v2\/types\/post"}],"author":[{"embeddable":true,"href":"https:\/\/lahora.mx\/index.php\/wp-json\/wp\/v2\/users\/4"}],"replies":[{"embeddable":true,"href":"https:\/\/lahora.mx\/index.php\/wp-json\/wp\/v2\/comments?post=16814"}],"version-history":[{"count":1,"href":"https:\/\/lahora.mx\/index.php\/wp-json\/wp\/v2\/posts\/16814\/revisions"}],"predecessor-version":[{"id":16816,"href":"https:\/\/lahora.mx\/index.php\/wp-json\/wp\/v2\/posts\/16814\/revisions\/16816"}],"wp:featuredmedia":[{"embeddable":true,"href":"https:\/\/lahora.mx\/index.php\/wp-json\/wp\/v2\/media\/16815"}],"wp:attachment":[{"href":"https:\/\/lahora.mx\/index.php\/wp-json\/wp\/v2\/media?parent=16814"}],"wp:term":[{"taxonomy":"category","embeddable":true,"href":"https:\/\/lahora.mx\/index.php\/wp-json\/wp\/v2\/categories?post=16814"},{"taxonomy":"post_tag","embeddable":true,"href":"https:\/\/lahora.mx\/index.php\/wp-json\/wp\/v2\/tags?post=16814"}],"curies":[{"name":"wp","href":"https:\/\/api.w.org\/{rel}","templated":true}]}}