{"id":16746,"date":"2022-11-22T16:36:37","date_gmt":"2022-11-22T16:36:37","guid":{"rendered":"http:\/\/lahora.mx\/?p=16746"},"modified":"2022-11-22T16:36:38","modified_gmt":"2022-11-22T16:36:38","slug":"elon-musk-despide-a-personal-del-area-de-ventas-en-twitter","status":"publish","type":"post","link":"https:\/\/lahora.mx\/index.php\/2022\/11\/22\/elon-musk-despide-a-personal-del-area-de-ventas-en-twitter\/","title":{"rendered":"Elon Musk despide a personal del \u00e1rea de ventas en Twitter"},"content":{"rendered":"\n<p>Elon Musk despidi\u00f3 a m\u00e1s trabajadores de Twitter del \u00e1rea de ventas del negocio de la red social a partir del domingo por la noche, recortando a\u00fan m\u00e1s un personal que ya hab\u00eda sido diezmado por recortes y renuncias.<\/p>\n\n\n\n<p>La semana pasada, Musk hab\u00eda pedido a los trabajadores que se comprometieran con su versi\u00f3n m\u00e1s \u201cincondicional\u201d de la empresa o que se fueran.<\/p>\n\n\n\n<p>Los empleados de ventas se sumaron a su visi\u00f3n en mayor n\u00famero que los trabajadores del lado t\u00e9cnico, que vieron renuncias masivas, seg\u00fan personas familiarizadas con el asunto. Musk est\u00e1 usando los recortes para equilibrar el personal restante, dijeron las personas, que pidieron no ser identificadas discutiendo decisiones internas.<\/p>\n\n\n\n<p>Algunos de los que fueron despedidos comenzaron a recibir aviso el domingo, seg\u00fan dos personas familiarizadas con el asunto, aunque no est\u00e1 claro cu\u00e1ntos se ver\u00e1n afectados en la ronda actual. Platformer inform\u00f3 anteriormente la noticia.<\/p>\n\n\n\n<p>Usuarios piden que Trump \u2018regrese\u2019 a Twitter en encuesta; Elon Musk reactiva su cuenta<br>Millones de usuarios aprobaron que el expresidente de Estados Unidos, Donald Trump, regrese a Twitter.<br>Elon Musk se re\u00fane con \u00e1rea de ventas de Twitter<br>La organizaci\u00f3n de ventas de Twitter celebr\u00f3 una reuni\u00f3n general el domingo con Musk y el nuevo jefe de ventas, Chris Riedy, dijeron dos personas. Muchos empleados se presentaron esperando alg\u00fan anuncio sobre recortes, luego de que Bloomberg informara el s\u00e1bado que vendr\u00edan m\u00e1s.<\/p>\n\n\n\n<p>En cambio, Musk aprovech\u00f3 el tiempo para hablar sobre las actualizaciones en curso, incluida su decisi\u00f3n de restablecer la cuenta del expresidente de los Estados Unidos, Donald Trump, dijo una de las personas. Luego, los despidos llegaron sin una nota corporativa, agregaron.<\/p>\n\n\n\n<p>Un contador interno de empleados actualmente lee 2 mil 750, dijo una persona, aunque es posible que a\u00fan se est\u00e9n contando algunas renuncias y recortes. Twitter ten\u00eda m\u00e1s de 7 mil empleados antes de que Musk asumiera el control a finales de octubre.<\/p>\n\n\n\n<p>La ola de despidos en Twitter ordenada por Elon Musk est\u00e1n llevando a los empleados actuales y anteriores a cuestionar si la red social tendr\u00e1 los recursos para mantener sistemas como la moderaci\u00f3n de contenido funcionando de manera efectiva, de cara a las elecciones intermedias en Estados Unidos.<\/p>\n\n\n\n<p>Entre el 3 y 4 de noviembre, m\u00e1s de la mitad del personal de la red fue despedido, lo que afect\u00f3 a casi todos los equipos de la empresa.<\/p>\n","protected":false},"excerpt":{"rendered":"<p>Elon Musk despidi\u00f3 a m\u00e1s trabajadores de Twitter del \u00e1rea de ventas del negocio de la red social a partir del domingo por la noche, recortando a\u00fan m\u00e1s un personal que ya hab\u00eda sido diezmado por recortes y renuncias. La semana pasada, Musk hab\u00eda pedido a los trabajadores que se comprometieran con su versi\u00f3n m\u00e1s [&hellip;]<\/p>\n","protected":false},"author":4,"featured_media":16747,"comment_status":"open","ping_status":"open","sticky":false,"template":"","format":"standard","meta":{"om_disable_all_campaigns":false,"_monsterinsights_skip_tracking":false,"_monsterinsights_sitenote_active":false,"_monsterinsights_sitenote_note":"","_monsterinsights_sitenote_category":0,"footnotes":""},"categories":[183],"tags":[],"class_list":["post-16746","post","type-post","status-publish","format-standard","has-post-thumbnail","hentry","category-internacional"],"amp_enabled":true,"_links":{"self":[{"href":"https:\/\/lahora.mx\/index.php\/wp-json\/wp\/v2\/posts\/16746","targetHints":{"allow":["GET"]}}],"collection":[{"href":"https:\/\/lahora.mx\/index.php\/wp-json\/wp\/v2\/posts"}],"about":[{"href":"https:\/\/lahora.mx\/index.php\/wp-json\/wp\/v2\/types\/post"}],"author":[{"embeddable":true,"href":"https:\/\/lahora.mx\/index.php\/wp-json\/wp\/v2\/users\/4"}],"replies":[{"embeddable":true,"href":"https:\/\/lahora.mx\/index.php\/wp-json\/wp\/v2\/comments?post=16746"}],"version-history":[{"count":1,"href":"https:\/\/lahora.mx\/index.php\/wp-json\/wp\/v2\/posts\/16746\/revisions"}],"predecessor-version":[{"id":16748,"href":"https:\/\/lahora.mx\/index.php\/wp-json\/wp\/v2\/posts\/16746\/revisions\/16748"}],"wp:featuredmedia":[{"embeddable":true,"href":"https:\/\/lahora.mx\/index.php\/wp-json\/wp\/v2\/media\/16747"}],"wp:attachment":[{"href":"https:\/\/lahora.mx\/index.php\/wp-json\/wp\/v2\/media?parent=16746"}],"wp:term":[{"taxonomy":"category","embeddable":true,"href":"https:\/\/lahora.mx\/index.php\/wp-json\/wp\/v2\/categories?post=16746"},{"taxonomy":"post_tag","embeddable":true,"href":"https:\/\/lahora.mx\/index.php\/wp-json\/wp\/v2\/tags?post=16746"}],"curies":[{"name":"wp","href":"https:\/\/api.w.org\/{rel}","templated":true}]}}