{"id":16537,"date":"2022-11-16T22:07:53","date_gmt":"2022-11-16T22:07:53","guid":{"rendered":"http:\/\/lahora.mx\/?p=16537"},"modified":"2022-11-16T22:07:54","modified_gmt":"2022-11-16T22:07:54","slug":"ya-hay-40-casos-de-viruela-simica-en-puebla-con-hay-cuatro-activos-al-momento","status":"publish","type":"post","link":"https:\/\/lahora.mx\/index.php\/2022\/11\/16\/ya-hay-40-casos-de-viruela-simica-en-puebla-con-hay-cuatro-activos-al-momento\/","title":{"rendered":"Ya hay 40 casos de viruela s\u00edmica en Puebla con hay cuatro activos al momento"},"content":{"rendered":"\n<p>El secretario de Salud, Jos\u00e9 Antonio Mart\u00ednez Garc\u00eda dio a conocer que Puebla lleva registrados 40 casos de viruela s\u00edmica.<\/p>\n\n\n\n<p>Destac\u00f3 que de esta cifra global, 36 ya fueron dados de alta.<\/p>\n\n\n\n<p>Refiri\u00f3 que al momento cuatro est\u00e1n en vigilancia epidemiol\u00f3gica y no se encuentra graves.<\/p>\n","protected":false},"excerpt":{"rendered":"<p>El secretario de Salud, Jos\u00e9 Antonio Mart\u00ednez Garc\u00eda dio a conocer que Puebla lleva registrados 40 casos de viruela s\u00edmica. Destac\u00f3 que de esta cifra global, 36 ya fueron dados de alta. Refiri\u00f3 que al momento cuatro est\u00e1n en vigilancia epidemiol\u00f3gica y no se encuentra graves.<\/p>\n","protected":false},"author":4,"featured_media":16538,"comment_status":"open","ping_status":"open","sticky":false,"template":"","format":"standard","meta":{"om_disable_all_campaigns":false,"_monsterinsights_skip_tracking":false,"_monsterinsights_sitenote_active":false,"_monsterinsights_sitenote_note":"","_monsterinsights_sitenote_category":0,"footnotes":""},"categories":[175],"tags":[195,223],"class_list":["post-16537","post","type-post","status-publish","format-standard","has-post-thumbnail","hentry","category-local","tag-principal","tag-puebla"],"amp_enabled":true,"_links":{"self":[{"href":"https:\/\/lahora.mx\/index.php\/wp-json\/wp\/v2\/posts\/16537","targetHints":{"allow":["GET"]}}],"collection":[{"href":"https:\/\/lahora.mx\/index.php\/wp-json\/wp\/v2\/posts"}],"about":[{"href":"https:\/\/lahora.mx\/index.php\/wp-json\/wp\/v2\/types\/post"}],"author":[{"embeddable":true,"href":"https:\/\/lahora.mx\/index.php\/wp-json\/wp\/v2\/users\/4"}],"replies":[{"embeddable":true,"href":"https:\/\/lahora.mx\/index.php\/wp-json\/wp\/v2\/comments?post=16537"}],"version-history":[{"count":1,"href":"https:\/\/lahora.mx\/index.php\/wp-json\/wp\/v2\/posts\/16537\/revisions"}],"predecessor-version":[{"id":16539,"href":"https:\/\/lahora.mx\/index.php\/wp-json\/wp\/v2\/posts\/16537\/revisions\/16539"}],"wp:featuredmedia":[{"embeddable":true,"href":"https:\/\/lahora.mx\/index.php\/wp-json\/wp\/v2\/media\/16538"}],"wp:attachment":[{"href":"https:\/\/lahora.mx\/index.php\/wp-json\/wp\/v2\/media?parent=16537"}],"wp:term":[{"taxonomy":"category","embeddable":true,"href":"https:\/\/lahora.mx\/index.php\/wp-json\/wp\/v2\/categories?post=16537"},{"taxonomy":"post_tag","embeddable":true,"href":"https:\/\/lahora.mx\/index.php\/wp-json\/wp\/v2\/tags?post=16537"}],"curies":[{"name":"wp","href":"https:\/\/api.w.org\/{rel}","templated":true}]}}