{"id":16524,"date":"2022-11-16T18:28:51","date_gmt":"2022-11-16T18:28:51","guid":{"rendered":"http:\/\/lahora.mx\/?p=16524"},"modified":"2022-11-16T18:28:51","modified_gmt":"2022-11-16T18:28:51","slug":"oaxaca-trasladaba-su-basura-a-relleno-sanitario-en-calpan-puebla","status":"publish","type":"post","link":"https:\/\/lahora.mx\/index.php\/2022\/11\/16\/oaxaca-trasladaba-su-basura-a-relleno-sanitario-en-calpan-puebla\/","title":{"rendered":"Oaxaca trasladaba su basura a relleno sanitario en Calpan, Puebla"},"content":{"rendered":"\n<p>El mandatario estatal, Miguel Barbosa Huerta dio a conocer que se confirm\u00f3 que Oaxaca si acud\u00eda a tirar g\u00f3ndolas de basura a un relleno sanitario privado en Calpan.<\/p>\n\n\n\n<p>Indic\u00f3 que el sitio ya fue sancionado, se ha iniciado un proceso administrativo y se suspendi\u00f3 esa entrega de desechos.<\/p>\n\n\n\n<p>\u00ab\u2026 estos lugares requieren de autorizaci\u00f3n de la Secretar\u00eda de Medio Ambiente y no lo tramitaron, por ello se sancionar\u00e1 y si corresponde se va a clausurar\u00bb, dijo.<\/p>\n","protected":false},"excerpt":{"rendered":"<p>El mandatario estatal, Miguel Barbosa Huerta dio a conocer que se confirm\u00f3 que Oaxaca si acud\u00eda a tirar g\u00f3ndolas de basura a un relleno sanitario privado en Calpan. Indic\u00f3 que el sitio ya fue sancionado, se ha iniciado un proceso administrativo y se suspendi\u00f3 esa entrega de desechos. \u00ab\u2026 estos lugares requieren de autorizaci\u00f3n de [&hellip;]<\/p>\n","protected":false},"author":4,"featured_media":16525,"comment_status":"open","ping_status":"open","sticky":false,"template":"","format":"standard","meta":{"om_disable_all_campaigns":false,"_monsterinsights_skip_tracking":false,"_monsterinsights_sitenote_active":false,"_monsterinsights_sitenote_note":"","_monsterinsights_sitenote_category":0,"footnotes":""},"categories":[175,176],"tags":[195],"class_list":["post-16524","post","type-post","status-publish","format-standard","has-post-thumbnail","hentry","category-local","category-nacional","tag-principal"],"amp_enabled":true,"_links":{"self":[{"href":"https:\/\/lahora.mx\/index.php\/wp-json\/wp\/v2\/posts\/16524","targetHints":{"allow":["GET"]}}],"collection":[{"href":"https:\/\/lahora.mx\/index.php\/wp-json\/wp\/v2\/posts"}],"about":[{"href":"https:\/\/lahora.mx\/index.php\/wp-json\/wp\/v2\/types\/post"}],"author":[{"embeddable":true,"href":"https:\/\/lahora.mx\/index.php\/wp-json\/wp\/v2\/users\/4"}],"replies":[{"embeddable":true,"href":"https:\/\/lahora.mx\/index.php\/wp-json\/wp\/v2\/comments?post=16524"}],"version-history":[{"count":1,"href":"https:\/\/lahora.mx\/index.php\/wp-json\/wp\/v2\/posts\/16524\/revisions"}],"predecessor-version":[{"id":16526,"href":"https:\/\/lahora.mx\/index.php\/wp-json\/wp\/v2\/posts\/16524\/revisions\/16526"}],"wp:featuredmedia":[{"embeddable":true,"href":"https:\/\/lahora.mx\/index.php\/wp-json\/wp\/v2\/media\/16525"}],"wp:attachment":[{"href":"https:\/\/lahora.mx\/index.php\/wp-json\/wp\/v2\/media?parent=16524"}],"wp:term":[{"taxonomy":"category","embeddable":true,"href":"https:\/\/lahora.mx\/index.php\/wp-json\/wp\/v2\/categories?post=16524"},{"taxonomy":"post_tag","embeddable":true,"href":"https:\/\/lahora.mx\/index.php\/wp-json\/wp\/v2\/tags?post=16524"}],"curies":[{"name":"wp","href":"https:\/\/api.w.org\/{rel}","templated":true}]}}