{"id":16521,"date":"2022-11-16T18:24:24","date_gmt":"2022-11-16T18:24:24","guid":{"rendered":"http:\/\/lahora.mx\/?p=16521"},"modified":"2022-11-16T18:24:25","modified_gmt":"2022-11-16T18:24:25","slug":"lopez-obrador-la-gente-lo-quiere-voy-a-marchar-al-zocalo","status":"publish","type":"post","link":"https:\/\/lahora.mx\/index.php\/2022\/11\/16\/lopez-obrador-la-gente-lo-quiere-voy-a-marchar-al-zocalo\/","title":{"rendered":"L\u00f3pez Obrador: la gente lo quiere, voy a marchar al Z\u00f3calo"},"content":{"rendered":"\n<p>El presidente Andr\u00e9s Manuel L\u00f3pez Obrador anunci\u00f3 que, a petici\u00f3n ciudadana, encabezar\u00e1 una marcha en la Ciudad de M\u00e9xico para despu\u00e9s ofrecer su Cuarto Informe de Gobierno en el Z\u00f3calo.<\/p>\n\n\n\n<p>En conferencia en Palacio Nacional, el mandatario anunci\u00f3 que el 27 de noviembre a las 09:00 horas se llevar\u00e1 a cabo la marcha en la que estar\u00e1 al frente para conocer si la ciudadan\u00eda apoya o no la Cuarta Tranformaci\u00f3n.<\/p>\n\n\n\n<p><\/p>\n\n\n\n<p>La manifestaci\u00f3n, indic\u00f3 partir\u00e1 del \u00c1ngel de la Independencia al Z\u00f3calo capitalino, donde ofrecer\u00e1 su mensaje por su cuarto a\u00f1o de mandato.<\/p>\n\n\n\n<p>\u201cLa gente quiere que marchemos (\u2026), queremos ir muchos, entonces va a haber una marcha. La voy a encabezar: del \u00c1ngel al Z\u00f3calo. A partir de las 09:00 horas, para que no nos pegue mucho el sol, pero desde el \u00c1ngel yo voy a marchar. Tambi\u00e9n para ver si la gente est\u00e1 contenta con la transformaci\u00f3n, si vamos bien\u201d, afirm\u00f3.<\/p>\n\n\n\n<p>L\u00f3pez Obrador llam\u00f3 a la ciudadan\u00eda a acudir a la Ciudad de M\u00e9xico para acompa\u00f1arlo a esta manifestaci\u00f3n y a su mensaje, pues, asegur\u00f3, el movimiento que encabeza es de la ciudadan\u00eda.<\/p>\n\n\n\n<p>Adem\u00e1s, al ser cuestionado acerca de si la marcha es para mostrar el \u00abm\u00fasculo\u00bb de su movimiento luego de la manifestaci\u00f3n del pasado domingo en favor del INE, el primer mandatario rechaz\u00f3 esto, pues, dijo, se trata de recordar que es un movimiento popular.<\/p>\n\n\n\n<p>De esta manera, el presidente adelantar\u00e1 su informe, el cual se iba a realizar el 1 de diciembre, y lo har\u00e1 con una marcha previa.<\/p>\n\n\n\n<p>Ya me estoy hamburguesando mucho. Este es un movimiento de millones de mujeres, hombres, libres, conscientes. Es un movimiento de transformaci\u00f3n no de un solo hombre. Es un movimiento aut\u00e9nticamente popular\u00bb, mencion\u00f3.<\/p>\n","protected":false},"excerpt":{"rendered":"<p>El presidente Andr\u00e9s Manuel L\u00f3pez Obrador anunci\u00f3 que, a petici\u00f3n ciudadana, encabezar\u00e1 una marcha en la Ciudad de M\u00e9xico para despu\u00e9s ofrecer su Cuarto Informe de Gobierno en el Z\u00f3calo. En conferencia en Palacio Nacional, el mandatario anunci\u00f3 que el 27 de noviembre a las 09:00 horas se llevar\u00e1 a cabo la marcha en la [&hellip;]<\/p>\n","protected":false},"author":4,"featured_media":16522,"comment_status":"open","ping_status":"open","sticky":false,"template":"","format":"standard","meta":{"om_disable_all_campaigns":false,"_monsterinsights_skip_tracking":false,"_monsterinsights_sitenote_active":false,"_monsterinsights_sitenote_note":"","_monsterinsights_sitenote_category":0,"footnotes":""},"categories":[176],"tags":[],"class_list":["post-16521","post","type-post","status-publish","format-standard","has-post-thumbnail","hentry","category-nacional"],"amp_enabled":true,"_links":{"self":[{"href":"https:\/\/lahora.mx\/index.php\/wp-json\/wp\/v2\/posts\/16521","targetHints":{"allow":["GET"]}}],"collection":[{"href":"https:\/\/lahora.mx\/index.php\/wp-json\/wp\/v2\/posts"}],"about":[{"href":"https:\/\/lahora.mx\/index.php\/wp-json\/wp\/v2\/types\/post"}],"author":[{"embeddable":true,"href":"https:\/\/lahora.mx\/index.php\/wp-json\/wp\/v2\/users\/4"}],"replies":[{"embeddable":true,"href":"https:\/\/lahora.mx\/index.php\/wp-json\/wp\/v2\/comments?post=16521"}],"version-history":[{"count":1,"href":"https:\/\/lahora.mx\/index.php\/wp-json\/wp\/v2\/posts\/16521\/revisions"}],"predecessor-version":[{"id":16523,"href":"https:\/\/lahora.mx\/index.php\/wp-json\/wp\/v2\/posts\/16521\/revisions\/16523"}],"wp:featuredmedia":[{"embeddable":true,"href":"https:\/\/lahora.mx\/index.php\/wp-json\/wp\/v2\/media\/16522"}],"wp:attachment":[{"href":"https:\/\/lahora.mx\/index.php\/wp-json\/wp\/v2\/media?parent=16521"}],"wp:term":[{"taxonomy":"category","embeddable":true,"href":"https:\/\/lahora.mx\/index.php\/wp-json\/wp\/v2\/categories?post=16521"},{"taxonomy":"post_tag","embeddable":true,"href":"https:\/\/lahora.mx\/index.php\/wp-json\/wp\/v2\/tags?post=16521"}],"curies":[{"name":"wp","href":"https:\/\/api.w.org\/{rel}","templated":true}]}}