{"id":1651,"date":"2022-01-14T17:27:30","date_gmt":"2022-01-14T17:27:30","guid":{"rendered":"http:\/\/lahora.mx\/?p=1651"},"modified":"2022-01-14T17:27:30","modified_gmt":"2022-01-14T17:27:30","slug":"en-las-ultimas-horas-se-reportaron-651-contagios-de-covid-19-en-puebla-antonio-martinez-garcia","status":"publish","type":"post","link":"https:\/\/lahora.mx\/index.php\/2022\/01\/14\/en-las-ultimas-horas-se-reportaron-651-contagios-de-covid-19-en-puebla-antonio-martinez-garcia\/","title":{"rendered":"En las \u00faltimas horas se reportaron 651 contagios de Covid-19 en Puebla Antonio Mart\u00ednez Garc\u00eda"},"content":{"rendered":"<p>En las \u00faltimas horas se reportaron 651 contagios de Covid-19 para un acumulado de 127 mil 111 con mil 581 activos en 54 municipios adem\u00e1s de que no se reportaron defunciones y se han acumulado 16 mil 437 indic\u00f3 el secretario de Salud Jos\u00e9 Antonio Mart\u00ednez Garc\u00eda<br \/>\nY en la \u00faltima jornada de vacunaci\u00f3n se aplicaron 205 mil 373 dosis y 75 mil 180 para personal docente inform\u00f3 el secretario de Salud Jos\u00e9 Antonio Mart\u00ednez Garc\u00eda<\/p>\n","protected":false},"excerpt":{"rendered":"<p>En las \u00faltimas horas se reportaron 651 contagios de Covid-19 para un acumulado de 127 mil 111 con mil 581 activos en 54 municipios adem\u00e1s de que no se reportaron defunciones y se han acumulado 16 mil 437 indic\u00f3 el secretario de Salud Jos\u00e9 Antonio Mart\u00ednez Garc\u00eda Y en la \u00faltima jornada de vacunaci\u00f3n se [&hellip;]<\/p>\n","protected":false},"author":4,"featured_media":1652,"comment_status":"open","ping_status":"open","sticky":false,"template":"","format":"standard","meta":{"om_disable_all_campaigns":false,"_monsterinsights_skip_tracking":false,"_monsterinsights_sitenote_active":false,"_monsterinsights_sitenote_note":"","_monsterinsights_sitenote_category":0,"footnotes":""},"categories":[175,1],"tags":[195],"class_list":["post-1651","post","type-post","status-publish","format-standard","has-post-thumbnail","hentry","category-local","category-sin-categoria","tag-principal"],"amp_enabled":true,"_links":{"self":[{"href":"https:\/\/lahora.mx\/index.php\/wp-json\/wp\/v2\/posts\/1651","targetHints":{"allow":["GET"]}}],"collection":[{"href":"https:\/\/lahora.mx\/index.php\/wp-json\/wp\/v2\/posts"}],"about":[{"href":"https:\/\/lahora.mx\/index.php\/wp-json\/wp\/v2\/types\/post"}],"author":[{"embeddable":true,"href":"https:\/\/lahora.mx\/index.php\/wp-json\/wp\/v2\/users\/4"}],"replies":[{"embeddable":true,"href":"https:\/\/lahora.mx\/index.php\/wp-json\/wp\/v2\/comments?post=1651"}],"version-history":[{"count":1,"href":"https:\/\/lahora.mx\/index.php\/wp-json\/wp\/v2\/posts\/1651\/revisions"}],"predecessor-version":[{"id":1653,"href":"https:\/\/lahora.mx\/index.php\/wp-json\/wp\/v2\/posts\/1651\/revisions\/1653"}],"wp:featuredmedia":[{"embeddable":true,"href":"https:\/\/lahora.mx\/index.php\/wp-json\/wp\/v2\/media\/1652"}],"wp:attachment":[{"href":"https:\/\/lahora.mx\/index.php\/wp-json\/wp\/v2\/media?parent=1651"}],"wp:term":[{"taxonomy":"category","embeddable":true,"href":"https:\/\/lahora.mx\/index.php\/wp-json\/wp\/v2\/categories?post=1651"},{"taxonomy":"post_tag","embeddable":true,"href":"https:\/\/lahora.mx\/index.php\/wp-json\/wp\/v2\/tags?post=1651"}],"curies":[{"name":"wp","href":"https:\/\/api.w.org\/{rel}","templated":true}]}}