{"id":16498,"date":"2022-11-15T23:45:27","date_gmt":"2022-11-15T23:45:27","guid":{"rendered":"http:\/\/lahora.mx\/?p=16498"},"modified":"2022-11-15T23:45:28","modified_gmt":"2022-11-15T23:45:28","slug":"sube-tiro-entre-monreal-y-amlo","status":"publish","type":"post","link":"https:\/\/lahora.mx\/index.php\/2022\/11\/15\/sube-tiro-entre-monreal-y-amlo\/","title":{"rendered":"Sube \u2018tiro\u2019 entre Monreal y AMLO"},"content":{"rendered":"\n<p>El proceso de elecci\u00f3n de los consejeros del Instituto Nacional Electoral (INE) as\u00ed como los magistrados electorales no puede modificarse sin reformar la Constituci\u00f3n, afirm\u00f3 el senador Ricardo Monreal en respuesta al supuesto \u2018plan B\u2019 de la reforma electoral del presidente Andr\u00e9s Manuel L\u00f3pez Obrador.<\/p>\n\n\n\n<p>El legislador destac\u00f3 que no es posible hacer este cambio solo reformando las leyes secundarias, como lo plante\u00f3 el presidente L\u00f3pez Obrador en su \u2018ma\u00f1anera\u2019, ya que terminar\u00edan siendo impugnadas en la Suprema Corte de Justicia de la Naci\u00f3n (SCJN).<\/p>\n\n\n\n<p>\u201cTengo la impresi\u00f3n, sin poderlo comprobar, que el plan B es algo similar a la reforma el\u00e9ctrica, porque no hay forma de qu\u00e9 la mayor\u00eda calificada se construya en la C\u00e1mara de Diputados\u201d, declar\u00f3 en entrevista.<\/p>\n\n\n\n<p>Monreal consider\u00f3 que \u2018Alito\u2019 Moreno tom\u00f3 la decisi\u00f3n de no respaldar la reforma electoral porque el Gobierno de M\u00e9xico y Morena no cumplieron con el acuerdo alcanzado en la reforma que ampl\u00eda la militarizaci\u00f3n de la seguridad p\u00fablica hasta 2028, ya que la gobernadora de Campeche, Layda Sansores, ha continuado con los ataques en su contra.<br>El presidente afirm\u00f3 que no manda mensajes a Monreal a trav\u00e9s del secretario de Gobernaci\u00f3n<br>\u201cDado el anuncio de ayer del presidente del PRI, quien siente que no se ha cumplido con los acuerdos de la \u00faltima reforma en materia de seguridad y la agresi\u00f3n sobre todo del estado de su origen (Campeche) sigue persistente, y eso aleja la posibilidad de acuerdos. Por eso no creo que el PRI acompa\u00f1e la reforma (electoral) y sin el PRI no se lograr\u00eda la mayor\u00eda constitucional.<\/p>\n\n\n\n<p>\u201cSimplemente lo veo como una expresi\u00f3n de un partido que nos acompa\u00f1\u00f3 y que la l\u00f3gica parlamentaria nos obliga a pensar que no se reunir\u00e1 la mayor\u00eda calificada, y por tanto el presidente de la Rep\u00fablica o los legisladores de la mayor\u00eda est\u00e1n pensando en un plan B, similar a la reforma el\u00e9ctrica\u201d, agreg\u00f3.<\/p>\n\n\n\n<p>El presidente L\u00f3pez Obrador afirm\u00f3 este martes que estudia enviar una iniciativa con car\u00e1cter electoral si Morena y aliados no consiguen los votos necesarios para lograr una mayor\u00eda calificada.<\/p>\n\n\n\n<p>Al ser una reforma constitucional, la iniciativa pol\u00edtico-electoral propuesta por el mandatario necesita de los votos de dos terceras partes en la C\u00e1mara de Diputados y el Senado.<\/p>\n","protected":false},"excerpt":{"rendered":"<p>El proceso de elecci\u00f3n de los consejeros del Instituto Nacional Electoral (INE) as\u00ed como los magistrados electorales no puede modificarse sin reformar la Constituci\u00f3n, afirm\u00f3 el senador Ricardo Monreal en respuesta al supuesto \u2018plan B\u2019 de la reforma electoral del presidente Andr\u00e9s Manuel L\u00f3pez Obrador. El legislador destac\u00f3 que no es posible hacer este cambio [&hellip;]<\/p>\n","protected":false},"author":4,"featured_media":16499,"comment_status":"open","ping_status":"open","sticky":false,"template":"","format":"standard","meta":{"om_disable_all_campaigns":false,"_monsterinsights_skip_tracking":false,"_monsterinsights_sitenote_active":false,"_monsterinsights_sitenote_note":"","_monsterinsights_sitenote_category":0,"footnotes":""},"categories":[176],"tags":[],"class_list":["post-16498","post","type-post","status-publish","format-standard","has-post-thumbnail","hentry","category-nacional"],"amp_enabled":true,"_links":{"self":[{"href":"https:\/\/lahora.mx\/index.php\/wp-json\/wp\/v2\/posts\/16498","targetHints":{"allow":["GET"]}}],"collection":[{"href":"https:\/\/lahora.mx\/index.php\/wp-json\/wp\/v2\/posts"}],"about":[{"href":"https:\/\/lahora.mx\/index.php\/wp-json\/wp\/v2\/types\/post"}],"author":[{"embeddable":true,"href":"https:\/\/lahora.mx\/index.php\/wp-json\/wp\/v2\/users\/4"}],"replies":[{"embeddable":true,"href":"https:\/\/lahora.mx\/index.php\/wp-json\/wp\/v2\/comments?post=16498"}],"version-history":[{"count":1,"href":"https:\/\/lahora.mx\/index.php\/wp-json\/wp\/v2\/posts\/16498\/revisions"}],"predecessor-version":[{"id":16500,"href":"https:\/\/lahora.mx\/index.php\/wp-json\/wp\/v2\/posts\/16498\/revisions\/16500"}],"wp:featuredmedia":[{"embeddable":true,"href":"https:\/\/lahora.mx\/index.php\/wp-json\/wp\/v2\/media\/16499"}],"wp:attachment":[{"href":"https:\/\/lahora.mx\/index.php\/wp-json\/wp\/v2\/media?parent=16498"}],"wp:term":[{"taxonomy":"category","embeddable":true,"href":"https:\/\/lahora.mx\/index.php\/wp-json\/wp\/v2\/categories?post=16498"},{"taxonomy":"post_tag","embeddable":true,"href":"https:\/\/lahora.mx\/index.php\/wp-json\/wp\/v2\/tags?post=16498"}],"curies":[{"name":"wp","href":"https:\/\/api.w.org\/{rel}","templated":true}]}}