{"id":16466,"date":"2022-11-15T18:53:54","date_gmt":"2022-11-15T18:53:54","guid":{"rendered":"http:\/\/lahora.mx\/?p=16466"},"modified":"2022-11-15T18:53:55","modified_gmt":"2022-11-15T18:53:55","slug":"la-nueva-sede-del-congreso-de-puebla-estara-en-la-zona-de-los-fuertes","status":"publish","type":"post","link":"https:\/\/lahora.mx\/index.php\/2022\/11\/15\/la-nueva-sede-del-congreso-de-puebla-estara-en-la-zona-de-los-fuertes\/","title":{"rendered":"La nueva sede del Congreso de Puebla estar\u00e1 en la zona de Los Fuertes"},"content":{"rendered":"\n<p class=\"wp-block-paragraph\">La nueva sede del Poder Legislativo en Puebla se ubicar\u00e1 en la zona de Los Fuertes, confirm\u00f3 en gobernador Miguel Barbosa Huerta.<\/p>\n\n\n\n<p class=\"wp-block-paragraph\">Lo anterior al confirmar que est\u00e1 contemplada esta obra en el presupuesto estatal, misma que estar\u00eda estren\u00e1ndose al final de su mandato.<\/p>\n\n\n\n<p class=\"wp-block-paragraph\">\u00ab\u2026 ya disponemos del inmueble y hay una empresa imortante que est\u00e1 haciendo los estudios para hacer un bello proyecto, no dispendioso, sino elegante, funcional, de materiales propios de la regi\u00f3n, se est\u00e1 trabajando bien en eso\u00bb.<br>Finalmente, el gobernador se dirigi\u00f3 a los diputados y los exhort\u00f3 a no pedir licencia pues porque ellos estrenar\u00e1n la sede, \u00ab\u2026 no pidan licencia, no busquen cargos p\u00fablicos sino no les va tocar estrenar\u00bb, concluy\u00f3.<\/p>\n","protected":false},"excerpt":{"rendered":"<p>La nueva sede del Poder Legislativo en Puebla se ubicar\u00e1 en la zona de Los Fuertes, confirm\u00f3 en gobernador Miguel Barbosa Huerta. Lo anterior al confirmar que est\u00e1 contemplada esta obra en el presupuesto estatal, misma que estar\u00eda estren\u00e1ndose al final de su mandato. \u00ab\u2026 ya disponemos del inmueble y hay una empresa imortante que [&hellip;]<\/p>\n","protected":false},"author":4,"featured_media":16467,"comment_status":"open","ping_status":"open","sticky":false,"template":"","format":"standard","meta":{"om_disable_all_campaigns":false,"_monsterinsights_skip_tracking":false,"footnotes":""},"categories":[175],"tags":[195,223],"class_list":["post-16466","post","type-post","status-publish","format-standard","has-post-thumbnail","hentry","category-local","tag-principal","tag-puebla"],"amp_enabled":true,"_links":{"self":[{"href":"https:\/\/lahora.mx\/index.php\/wp-json\/wp\/v2\/posts\/16466","targetHints":{"allow":["GET"]}}],"collection":[{"href":"https:\/\/lahora.mx\/index.php\/wp-json\/wp\/v2\/posts"}],"about":[{"href":"https:\/\/lahora.mx\/index.php\/wp-json\/wp\/v2\/types\/post"}],"author":[{"embeddable":true,"href":"https:\/\/lahora.mx\/index.php\/wp-json\/wp\/v2\/users\/4"}],"replies":[{"embeddable":true,"href":"https:\/\/lahora.mx\/index.php\/wp-json\/wp\/v2\/comments?post=16466"}],"version-history":[{"count":2,"href":"https:\/\/lahora.mx\/index.php\/wp-json\/wp\/v2\/posts\/16466\/revisions"}],"predecessor-version":[{"id":17319,"href":"https:\/\/lahora.mx\/index.php\/wp-json\/wp\/v2\/posts\/16466\/revisions\/17319"}],"wp:featuredmedia":[{"embeddable":true,"href":"https:\/\/lahora.mx\/index.php\/wp-json\/wp\/v2\/media\/16467"}],"wp:attachment":[{"href":"https:\/\/lahora.mx\/index.php\/wp-json\/wp\/v2\/media?parent=16466"}],"wp:term":[{"taxonomy":"category","embeddable":true,"href":"https:\/\/lahora.mx\/index.php\/wp-json\/wp\/v2\/categories?post=16466"},{"taxonomy":"post_tag","embeddable":true,"href":"https:\/\/lahora.mx\/index.php\/wp-json\/wp\/v2\/tags?post=16466"}],"curies":[{"name":"wp","href":"https:\/\/api.w.org\/{rel}","templated":true}]}}