{"id":16392,"date":"2022-11-14T22:09:46","date_gmt":"2022-11-14T22:09:46","guid":{"rendered":"http:\/\/lahora.mx\/?p=16392"},"modified":"2022-11-14T22:09:46","modified_gmt":"2022-11-14T22:09:46","slug":"estos-son-los-26-convocados-para-la-seleccion-mexicana-a-qatar-2022-por-el-tata-martino","status":"publish","type":"post","link":"https:\/\/lahora.mx\/index.php\/2022\/11\/14\/estos-son-los-26-convocados-para-la-seleccion-mexicana-a-qatar-2022-por-el-tata-martino\/","title":{"rendered":"Estos son los 26 convocados para la Selecci\u00f3n Mexicana a Qatar 2022 por el \u2018Tata\u2019 Martino"},"content":{"rendered":"\n<p>La Selecci\u00f3n Mexicana finalmente ha presentado su convocatoria definitiva de 26 jugadores para la Copa Mundial de Qatar y destacan las bajas de Santiago Gim\u00e9nez y Diego Lainez respecto a la lista preliminar.<\/p>\n\n\n\n<p>Adem\u00e1s de Gim\u00e9nez (Feyenoord) y Lainez (Braga), fueron excluidos Jes\u00fas Angulo (Tigres), Erick S\u00e1nchez (Pachuca) y Jes\u00fas \u2018Tecatito\u2019 Corona (Sevilla) de la lista definitiva del director t\u00e9cnico Gerardo \u2018Tata\u2019 Martino.<\/p>\n\n\n\n<p>Estos cinco jugadores quedar\u00e1n oficialmente registrados ante la FIFA como reservas de la Selecci\u00f3n Mexicana en caso que alguno de los otros 26 seleccionados cause baja por lesi\u00f3n o enfermedad antes del debut del equipo en el Mundial.<\/p>\n\n\n\n<p>Lista de convocados de la Selecci\u00f3n Mexicana para Qatar<br>El seleccionador Gerardo Martino se decant\u00f3 finalmente por Ra\u00fal Jim\u00e9nez (Wolverhampton) en lugar de Santiago Gim\u00e9nez a pesar de su pubalgia e inactividad en los \u00faltimos dos meses; as\u00ed como por Roberto Alvarado (Chivas) y Orbelin Pineda (AEK Athenas) en lugar de Diego Lainez, quien no ha conseguido regularidad en Europa.<\/p>\n\n\n\n<p>Qatar 2022: Arabia Saudita, rival de M\u00e9xico, descarta a delantero Al Muwallad por dopaje<br>Arabia no contar\u00e1 con Fahad al Muwallad por dopaje.<br>Porteros<\/p>\n\n\n\n<p>Rodolfo Cota (Le\u00f3n)<br>Guillermo Ochoa (Am\u00e9rica)<br>Alfredo Talavera (Ju\u00e1rez)<br>Defensas<\/p>\n\n\n\n<p>Kevin \u00c1lvarez (Pachuca)<br>N\u00e9stor Araujo (Am\u00e9rica)<br>Gerardo Arteaga (Genk)<br>Jes\u00fas Gallardo (Monterrey)<br>H\u00e9ctor Moreno (Monterrey)<br>C\u00e9sar Montes (Monterrey)<br>Jorge S\u00e1nchez (Ajax)<br>Johan V\u00e1squez (Cremonense)<br>Medios<\/p>\n\n\n\n<p>Edson \u00c1lvarez (Ajax)<br>Roberto Alvarado (Chivas)<br>Uriel Antuna (Cruz Azul)<br>Luis Ch\u00e1vez (Pachuca)<br>Andr\u00e9s Guardado (Betis)<br>Erick Guti\u00e9rrez (PSV)<br>H\u00e9ctor Herrera (Dynamo Houston)<br>Orbel\u00edn Pineda (AEK Athenas)<br>Carlos Rodr\u00edguez (Cruz Azul)<br>Luis Romo (Monterrey)<br>Delanteros<\/p>\n\n\n\n<p>Rogelio Funes Mori (Monterrey)<br>Ra\u00fal Jim\u00e9nez (Wolverhampton)<br>Hirving \u2018Chucky\u2019 Lozano (Napoli)<br>Henry Martin (Am\u00e9rica)<br>Alexis Vega (Chivas)<\/p>\n\n\n\n<p>La Selecci\u00f3n Mexicana tendr\u00e1 un \u00faltimo partido de preparaci\u00f3n antes del Mundial contra Suecia el pr\u00f3ximo mi\u00e9rcoles 16 de noviembre en Girona, Espa\u00f1a.<\/p>\n\n\n\n<p>Calendario de la Selecci\u00f3n Mexicana en el Mundial de Qatar<br>M\u00e9xico forma parte del grupo C de la Copa del Mundo de Qatar, en la que debutar\u00e1 el pr\u00f3ximo 22 de noviembre ante Polonia, el 26 se medir\u00e1 con Argentina y el 30 cerrar\u00e1 su participaci\u00f3n en la primera ronda contra Arabia Saudita.<\/p>\n\n\n\n<p>Fechas y horarios de la Selecci\u00f3n Mexicana en el Mundial<\/p>\n\n\n\n<p>M\u00e9xico vs Polonia | Martes 22 de noviembre | 10:00 horas, tiempo del centro de M\u00e9xico (19:00 horas tiempo local) | Estadio 974<br>M\u00e9xico vs Argentina | S\u00e1bado 26 de noviembre | 13:00 horas, tiempo del centro de M\u00e9xico (16:00 horas tiempo local) | Estadio de Lusail<br>M\u00e9xico vs Arabia Saudita | 30 de noviembre | 13:00 horas, tiempo del centro de M\u00e9xico (22:00 horas tiempo local) | Estadio de Lusail<\/p>\n","protected":false},"excerpt":{"rendered":"<p>La Selecci\u00f3n Mexicana finalmente ha presentado su convocatoria definitiva de 26 jugadores para la Copa Mundial de Qatar y destacan las bajas de Santiago Gim\u00e9nez y Diego Lainez respecto a la lista preliminar. Adem\u00e1s de Gim\u00e9nez (Feyenoord) y Lainez (Braga), fueron excluidos Jes\u00fas Angulo (Tigres), Erick S\u00e1nchez (Pachuca) y Jes\u00fas \u2018Tecatito\u2019 Corona (Sevilla) de la [&hellip;]<\/p>\n","protected":false},"author":4,"featured_media":16393,"comment_status":"open","ping_status":"open","sticky":false,"template":"","format":"standard","meta":{"om_disable_all_campaigns":false,"_monsterinsights_skip_tracking":false,"_monsterinsights_sitenote_active":false,"_monsterinsights_sitenote_note":"","_monsterinsights_sitenote_category":0,"footnotes":""},"categories":[6],"tags":[142],"class_list":["post-16392","post","type-post","status-publish","format-standard","has-post-thumbnail","hentry","category-sports","tag-sports"],"amp_enabled":true,"_links":{"self":[{"href":"https:\/\/lahora.mx\/index.php\/wp-json\/wp\/v2\/posts\/16392","targetHints":{"allow":["GET"]}}],"collection":[{"href":"https:\/\/lahora.mx\/index.php\/wp-json\/wp\/v2\/posts"}],"about":[{"href":"https:\/\/lahora.mx\/index.php\/wp-json\/wp\/v2\/types\/post"}],"author":[{"embeddable":true,"href":"https:\/\/lahora.mx\/index.php\/wp-json\/wp\/v2\/users\/4"}],"replies":[{"embeddable":true,"href":"https:\/\/lahora.mx\/index.php\/wp-json\/wp\/v2\/comments?post=16392"}],"version-history":[{"count":1,"href":"https:\/\/lahora.mx\/index.php\/wp-json\/wp\/v2\/posts\/16392\/revisions"}],"predecessor-version":[{"id":16394,"href":"https:\/\/lahora.mx\/index.php\/wp-json\/wp\/v2\/posts\/16392\/revisions\/16394"}],"wp:featuredmedia":[{"embeddable":true,"href":"https:\/\/lahora.mx\/index.php\/wp-json\/wp\/v2\/media\/16393"}],"wp:attachment":[{"href":"https:\/\/lahora.mx\/index.php\/wp-json\/wp\/v2\/media?parent=16392"}],"wp:term":[{"taxonomy":"category","embeddable":true,"href":"https:\/\/lahora.mx\/index.php\/wp-json\/wp\/v2\/categories?post=16392"},{"taxonomy":"post_tag","embeddable":true,"href":"https:\/\/lahora.mx\/index.php\/wp-json\/wp\/v2\/tags?post=16392"}],"curies":[{"name":"wp","href":"https:\/\/api.w.org\/{rel}","templated":true}]}}