{"id":16373,"date":"2022-11-14T21:30:54","date_gmt":"2022-11-14T21:30:54","guid":{"rendered":"http:\/\/lahora.mx\/?p=16373"},"modified":"2022-11-14T21:30:55","modified_gmt":"2022-11-14T21:30:55","slug":"un-striptease-publico-del-conservadurismo-menciona-lopez-obrador-sobre-la-marcha-por-el-ine","status":"publish","type":"post","link":"https:\/\/lahora.mx\/index.php\/2022\/11\/14\/un-striptease-publico-del-conservadurismo-menciona-lopez-obrador-sobre-la-marcha-por-el-ine\/","title":{"rendered":"Un striptease p\u00fablico del conservadurismo menciona L\u00f3pez Obrador sobre la marcha por el INE"},"content":{"rendered":"\n<p>El presidente Andr\u00e9s Manuel L\u00f3pez Obrador calific\u00f3 la marcha de ayer en favor del INE como una \u201cuna especie de striptease p\u00fablico del conservadurismo en M\u00e9xico\u201d.<\/p>\n\n\n\n<p>Desde Palacio Nacional, el mandatario asegur\u00f3 que la manifestaci\u00f3n de ayer que se llev\u00f3 a cabo en m\u00e1s de 50 ciudades y otros tres pa\u00edses fue una muestra del conservadurismo y de la defensa de la corrupci\u00f3n.<\/p>\n\n\n\n<p>\u201cEntonces lo del INE fue una excusa, una bandera, pero en el fondo, los que se manifestaron ayer lo hicieron en contra de la transformaci\u00f3n que se est\u00e1 llevando en el pa\u00eds, lo hicieron a favor de los privilegios que ellos ten\u00edan antes del gobierno que represento, lo hicieron a favor de la corrupci\u00f3n, del racismo, del clasismo, de la discriminaci\u00f3n\u201d, dijo.<\/p>\n\n\n\n<p>L\u00f3pez Obrador resalt\u00f3 que la manifestaci\u00f3n fue encabezada por pol\u00edticos como Roberto Madrazo, Elba Esther Gordillo y Vicente Fox, los tres relacionados con presuntos actos de corrupci\u00f3n.<\/p>\n\n\n\n<p>Cabe recordar que el mismo ex presidente panista lleg\u00f3 a confesar a medios de informaci\u00f3n que en 2012 hizo todo lo posible para que L\u00f3pez Obrador no llegara a la Presidencia, e incluso celebr\u00f3 que no fue castigado bajo el argumento de que actu\u00f3 con legalidad.<\/p>\n\n\n\n<p>El titular del Ejecutivo federal reiter\u00f3 que la consigna de la marcha de ayer por una \u201csupuesta agresi\u00f3n al INE\u201d no tiene fundamento.<\/p>\n\n\n\n<p>\u201cLo que se busca es lo contrario, es fortalecer la democracia en nuestro pa\u00eds, protegerla, porque todav\u00eda hay riesgos de fraudes electorales\u201d, afirm\u00f3.<\/p>\n\n\n\n<p>Al ser cuestionado sobre el n\u00famero de asistentes en la manifestaci\u00f3n de ayer en la Ciudad de M\u00e9xico, el presidente sostuvo que, aun con la campa\u00f1a de desinformaci\u00f3n, hubo poca afluencia.<\/p>\n\n\n\n<p>La manifestaci\u00f3n fue impulsada principalmente por Frente C\u00edvico Nacional, integrado por l\u00edderes pol\u00edticos de la oposici\u00f3n, y al cual se sumaron distintas organizaciones, as\u00ed como grupos creados por otros opositores.<\/p>\n\n\n\n<p>Me da gusto que, a pesar de la campa\u00f1a, y vaya que se aplicaron, no particip\u00f3 mucha gente. Les falta m\u00e1s. Para tener una idea, calculo que, por eso no vinieron al Z\u00f3calo, no hubiesen llenado ni la mitad, deben ser unos 60-70 mil, y el Z\u00f3calo se llena con 150 mil\u201d, agreg\u00f3.<\/p>\n\n\n\n<p>La reforma electoral propone la sustituci\u00f3n del Instituto Nacional Electoral (INE) con la creaci\u00f3n del Instituto Nacional de Elecciones y Consultas, un organismo aut\u00f3nomo.<\/p>\n\n\n\n<p>Tal como adelant\u00f3 semanas atr\u00e1s, este nuevo organismo electoral, que incluso se encargar\u00eda de las elecciones estatales con la desaparici\u00f3n de los Organismos P\u00fablicos Locales Electorales, y estar\u00eda integrado por 7 consejeros, y no por 11 como actualmente sucede en el INE, elegidos por la ciudadan\u00eda a propuesta de los tres Poderes de la Naci\u00f3n.<\/p>\n\n\n\n<p>Adem\u00e1s, tambi\u00e9n habr\u00eda una reducci\u00f3n en el n\u00famero de magistrados y se eliminar\u00edan los tribunales electorales locales.<\/p>\n\n\n\n<p>Tambi\u00e9n se plantea la eliminaci\u00f3n de legisladores plurinominales, por lo que la C\u00e1mara de Diputados pasar\u00eda de 500 a 300 integrantes, y el Senado, de 128 a 96.<\/p>\n","protected":false},"excerpt":{"rendered":"<p>El presidente Andr\u00e9s Manuel L\u00f3pez Obrador calific\u00f3 la marcha de ayer en favor del INE como una \u201cuna especie de striptease p\u00fablico del conservadurismo en M\u00e9xico\u201d. Desde Palacio Nacional, el mandatario asegur\u00f3 que la manifestaci\u00f3n de ayer que se llev\u00f3 a cabo en m\u00e1s de 50 ciudades y otros tres pa\u00edses fue una muestra del [&hellip;]<\/p>\n","protected":false},"author":4,"featured_media":16374,"comment_status":"open","ping_status":"open","sticky":false,"template":"","format":"standard","meta":{"om_disable_all_campaigns":false,"_monsterinsights_skip_tracking":false,"_monsterinsights_sitenote_active":false,"_monsterinsights_sitenote_note":"","_monsterinsights_sitenote_category":0,"footnotes":""},"categories":[176],"tags":[],"class_list":["post-16373","post","type-post","status-publish","format-standard","has-post-thumbnail","hentry","category-nacional"],"amp_enabled":true,"_links":{"self":[{"href":"https:\/\/lahora.mx\/index.php\/wp-json\/wp\/v2\/posts\/16373","targetHints":{"allow":["GET"]}}],"collection":[{"href":"https:\/\/lahora.mx\/index.php\/wp-json\/wp\/v2\/posts"}],"about":[{"href":"https:\/\/lahora.mx\/index.php\/wp-json\/wp\/v2\/types\/post"}],"author":[{"embeddable":true,"href":"https:\/\/lahora.mx\/index.php\/wp-json\/wp\/v2\/users\/4"}],"replies":[{"embeddable":true,"href":"https:\/\/lahora.mx\/index.php\/wp-json\/wp\/v2\/comments?post=16373"}],"version-history":[{"count":1,"href":"https:\/\/lahora.mx\/index.php\/wp-json\/wp\/v2\/posts\/16373\/revisions"}],"predecessor-version":[{"id":16375,"href":"https:\/\/lahora.mx\/index.php\/wp-json\/wp\/v2\/posts\/16373\/revisions\/16375"}],"wp:featuredmedia":[{"embeddable":true,"href":"https:\/\/lahora.mx\/index.php\/wp-json\/wp\/v2\/media\/16374"}],"wp:attachment":[{"href":"https:\/\/lahora.mx\/index.php\/wp-json\/wp\/v2\/media?parent=16373"}],"wp:term":[{"taxonomy":"category","embeddable":true,"href":"https:\/\/lahora.mx\/index.php\/wp-json\/wp\/v2\/categories?post=16373"},{"taxonomy":"post_tag","embeddable":true,"href":"https:\/\/lahora.mx\/index.php\/wp-json\/wp\/v2\/tags?post=16373"}],"curies":[{"name":"wp","href":"https:\/\/api.w.org\/{rel}","templated":true}]}}