{"id":16353,"date":"2022-11-14T03:28:17","date_gmt":"2022-11-14T03:28:17","guid":{"rendered":"http:\/\/lahora.mx\/?p=16353"},"modified":"2022-11-14T03:28:18","modified_gmt":"2022-11-14T03:28:18","slug":"ine-agradece-marcha-en-defensa-de-la-democracia-y-el-sistema-electoral","status":"publish","type":"post","link":"https:\/\/lahora.mx\/index.php\/2022\/11\/14\/ine-agradece-marcha-en-defensa-de-la-democracia-y-el-sistema-electoral\/","title":{"rendered":"INE agradece marcha en defensa de la \u2018democracia y el sistema electoral\u2019"},"content":{"rendered":"\n<p>El consejero presidente del Instituto Nacional Electoral (INE), Lorenzo C\u00f3rdova, agradeci\u00f3 el entusiasmo de cientos de miles de personas que se manifestaron en el pa\u00eds en defensa de \u201cnuestra democracia y de nuestro sistema electoral, frente a los riesgos de regresi\u00f3n antidemocr\u00e1tica que propone la reforma electoral del gobierno\u201d.<\/p>\n\n\n\n<p>En su video dominical en Twitter, C\u00f3rdova Vianello explic\u00f3 que est\u00e1 en M\u00e9xico, pero que los consejeros decidieron no asistir a la marcha para que no se descalificara la libre voluntad de la ciudadan\u00eda por proteger las conquistas democr\u00e1ticas.<\/p>\n\n\n\n<p>En el INE vemos con entusiasmo y satisfacci\u00f3n que la ciudadan\u00eda valore y defienda la democracia que, con tanto sacrificio, fue construida de manera gradual y colectiva en las \u00faltimas d\u00e9cadas\u201d, coment\u00f3 Lorenzo C\u00f3rdova.<\/p>\n\n\n\n<p>El funcionario electoral resalt\u00f3 que, a trav\u00e9s de los a\u00f1os, la democracia se construy\u00f3 por voces plurales y luchas c\u00edvicas en contra del partido hegem\u00f3nico y el fraude electoral.<\/p>\n","protected":false},"excerpt":{"rendered":"<p>El consejero presidente del Instituto Nacional Electoral (INE), Lorenzo C\u00f3rdova, agradeci\u00f3 el entusiasmo de cientos de miles de personas que se manifestaron en el pa\u00eds en defensa de \u201cnuestra democracia y de nuestro sistema electoral, frente a los riesgos de regresi\u00f3n antidemocr\u00e1tica que propone la reforma electoral del gobierno\u201d. En su video dominical en Twitter, [&hellip;]<\/p>\n","protected":false},"author":4,"featured_media":16354,"comment_status":"open","ping_status":"open","sticky":false,"template":"","format":"standard","meta":{"om_disable_all_campaigns":false,"_monsterinsights_skip_tracking":false,"_monsterinsights_sitenote_active":false,"_monsterinsights_sitenote_note":"","_monsterinsights_sitenote_category":0,"footnotes":""},"categories":[176],"tags":[195],"class_list":["post-16353","post","type-post","status-publish","format-standard","has-post-thumbnail","hentry","category-nacional","tag-principal"],"amp_enabled":true,"_links":{"self":[{"href":"https:\/\/lahora.mx\/index.php\/wp-json\/wp\/v2\/posts\/16353","targetHints":{"allow":["GET"]}}],"collection":[{"href":"https:\/\/lahora.mx\/index.php\/wp-json\/wp\/v2\/posts"}],"about":[{"href":"https:\/\/lahora.mx\/index.php\/wp-json\/wp\/v2\/types\/post"}],"author":[{"embeddable":true,"href":"https:\/\/lahora.mx\/index.php\/wp-json\/wp\/v2\/users\/4"}],"replies":[{"embeddable":true,"href":"https:\/\/lahora.mx\/index.php\/wp-json\/wp\/v2\/comments?post=16353"}],"version-history":[{"count":1,"href":"https:\/\/lahora.mx\/index.php\/wp-json\/wp\/v2\/posts\/16353\/revisions"}],"predecessor-version":[{"id":16355,"href":"https:\/\/lahora.mx\/index.php\/wp-json\/wp\/v2\/posts\/16353\/revisions\/16355"}],"wp:featuredmedia":[{"embeddable":true,"href":"https:\/\/lahora.mx\/index.php\/wp-json\/wp\/v2\/media\/16354"}],"wp:attachment":[{"href":"https:\/\/lahora.mx\/index.php\/wp-json\/wp\/v2\/media?parent=16353"}],"wp:term":[{"taxonomy":"category","embeddable":true,"href":"https:\/\/lahora.mx\/index.php\/wp-json\/wp\/v2\/categories?post=16353"},{"taxonomy":"post_tag","embeddable":true,"href":"https:\/\/lahora.mx\/index.php\/wp-json\/wp\/v2\/tags?post=16353"}],"curies":[{"name":"wp","href":"https:\/\/api.w.org\/{rel}","templated":true}]}}