{"id":16315,"date":"2022-11-13T18:19:04","date_gmt":"2022-11-13T18:19:04","guid":{"rendered":"http:\/\/lahora.mx\/?p=16315"},"modified":"2022-11-13T18:19:05","modified_gmt":"2022-11-13T18:19:05","slug":"estos-autos-no-circulan-este-domingo-en-cdmx","status":"publish","type":"post","link":"https:\/\/lahora.mx\/index.php\/2022\/11\/13\/estos-autos-no-circulan-este-domingo-en-cdmx\/","title":{"rendered":"Estos autos no circulan este domingo en CDMX"},"content":{"rendered":"\n<p>Los altos niveles de contaminaci\u00f3n registrados en el Valle de M\u00e9xico la tarde del s\u00e1bado obligaron a las autoridades ambientales a activar la contingencia ambiental hoy en CDMX y el Estado de M\u00e9xico.<\/p>\n\n\n\n<p>As\u00ed lo inform\u00f3 la Comisi\u00f3n Ambiental de la Megal\u00f3polis (CAMe), quien dio a conocer una serie de medidas que se aplicar\u00e1n desde las primeras horas de este de M\u00e9xico.<\/p>\n\n\n\n<p>De acuerdo con la CAMe, un \u201csistema de alta presi\u00f3n\u201d registrado la tarde del s\u00e1bado \u201cprovoc\u00f3 el estancamiento significativo de los contaminantes, hasta alcanzar una concentraci\u00f3n m\u00e1xima de 163 ppb de ozono a las 17:00 horas\u201d, por lo que activ\u00f3 la contingencia ambiental hoy en la Ciudad y el Estado de M\u00e9xico.<\/p>\n\n\n\n<p>La CAMe agreg\u00f3 que el sistema de alta presi\u00f3n se \u201cmantendr\u00e1 afectado al centro del pa\u00eds\u201d y estim\u00f3 una mala dispersi\u00f3n de los contaminantes precursores del ozono para este domingo.<\/p>\n\n\n\n<p>Reducci\u00f3n de suministro de agua en CDMX: \u00bfCu\u00e1les son las alcald\u00edas afectadas por un mes?<br>Sacmex inform\u00f3 que apoyar\u00e1 con pipas de agua a las alcald\u00edas que se ver\u00e1n afectadas por el bajo suministro de agua en el pr\u00f3ximo mes. (Cuartoscuro).<br>Contingencia ambiental en CDMX y Edomex: \u00bfqu\u00e9 autos no circulan este domingo?<br>Una de las medidas por la contingencia ambiental en el Valle de M\u00e9xico es el Hoy No Circula.<\/p>\n\n\n\n<p>De acuerdo con las autoridades ambientales, estos son los veh\u00edculos que no podr\u00e1n circular entre las 5:00 y las 22:00 horas de este domingo:<\/p>\n\n\n\n<p>Veh\u00edculos de uso particular con holograma de verificaci\u00f3n 2.<br>Autom\u00f3viles de uso particular con holograma de verificaci\u00f3n tipo 1 cuyo \u00faltimo d\u00edgito num\u00e9rico sea 0, 2, 4, 6 y 8 as\u00ed como aquellos cuya matr\u00edcula est\u00e9 conformada s\u00f3lo por letras.<br>Autos de uso particular con holograma de verificaci\u00f3n \u201c00 y 0\u2033, engomado rosa, terminaci\u00f3n de placa 7 y 8 .<br>Las unidades que no porten holograma de verificaci\u00f3n, como los veh\u00edculos antiguos, de demostraci\u00f3n o traslado, nuevos, los que tienen pase tur\u00edstico, placas for\u00e1neas o con placas formadas por letras, les aplica la misma restricci\u00f3n que a los veh\u00edculos que portan holograma \u201c2\u2033.<br>El 50% de las unidades de reparto de gas L.P. a tanques estacionarios que no cuenten con v\u00e1lvula de desconexi\u00f3n seca, cuya terminaci\u00f3n de matr\u00edcula sea PAR.<br>Los veh\u00edculos de carga local o federal dejan de circular entre las 6:00 y las 10:00 horas., con excepci\u00f3n de aquellos que se encuentren en el Programa de Autorregulaci\u00f3n de la CDMX o EDOMEX.<br>Los taxis con holograma de verificaci\u00f3n \u201c1\u2033 o \u201c2\u2033, que deban dejar de circular de acuerdo a las disposiciones indicadas en los incisos a) y b) les aplicar\u00e1 la restricci\u00f3n a la circulaci\u00f3n de las 10:00 a las 22:00 horas.<br>\u00bfQu\u00e9 autos est\u00e1n exentos del Hoy No Circula?<br>Pese a las restricciones a la circulaci\u00f3n, la CAMe dio a conocer una lista de veh\u00edculos que podr\u00e1n circular de manera normal este domingo 13 de noviembre:<\/p>\n\n\n\n<p>Autos el\u00e9ctricos o h\u00edbridos.<br>Veh\u00edculos que cuenten con matr\u00edcula ecol\u00f3gica.<br>Automotores que porten holograma \u201c00\u2033 o \u201c0\u2033 cualquiera que sea su uso excepto los veh\u00edculos con engomado color rosa, terminaci\u00f3n de placa 7 y 8.<br>Veh\u00edculos de uso particular destinados a circunstancias urgentes.<br>Los taxis pueden circular de 5:00 a las 10:00 horas los d\u00edas que tengan restricci\u00f3n por Programa Hoy No Circula, independientemente del holograma que porten, con la finalidad de apoyar la movilidad de la poblaci\u00f3n.<br>Veh\u00edculos de servicios urbanos: seguridad p\u00fablica, bomberos, rescate, protecci\u00f3n civil, de vigilancia ambiental y ambulancias.<br>Veh\u00edculos de transporte escolar y de personal, que cumplan con las especificaciones de verificaci\u00f3n vehicular vigentes y cuenten con el holograma y autorizaci\u00f3n correspondiente.<br>Veh\u00edculos destinados a cortejos f\u00fanebres y transporte de servicios funerarios, que cuenten con holograma de verificaci\u00f3n vigente.<br>Autos para personas con discapacidad que cuenten con el Permiso para exentar el Hoy No Circula por Discapacidad.<br>Transporte de residuos y materiales peligrosos que cuenten con la autorizaci\u00f3n correspondiente, excepto veh\u00edculos que transporten combustibles.<br>Microbuses y autobuses con placa federal o local, que cumplan con las disposiciones de verificaci\u00f3n vigentes.<br>Los veh\u00edculos que formen parte del Programa Paisano y porten la autorizaci\u00f3n correspondiente.<br>Veh\u00edculos que transportan mercanc\u00edas o productos perecederos en unidades con sistemas de refrigeraci\u00f3n, as\u00ed como las unidades revolvedoras de concreto.<br>\u00bfCu\u00e1ndo es el pr\u00f3ximo reporte sobre la contingencia ambiental hoy en CDMX y Edomex?<br>Tras indicar que la CAMe se mantendr\u00e1 atenta a la evoluci\u00f3n de la calidad del aire y de las condiciones meteorol\u00f3gicas, la Comisi\u00f3n inform\u00f3 que ser\u00e1 a las 10:00 de la ma\u00f1ana de este domingo cuando emita el siguiente reporte sobre la contingencia ambiental hoy en CDMX y el Estado de M\u00e9xico.<\/p>\n","protected":false},"excerpt":{"rendered":"<p>Los altos niveles de contaminaci\u00f3n registrados en el Valle de M\u00e9xico la tarde del s\u00e1bado obligaron a las autoridades ambientales a activar la contingencia ambiental hoy en CDMX y el Estado de M\u00e9xico. As\u00ed lo inform\u00f3 la Comisi\u00f3n Ambiental de la Megal\u00f3polis (CAMe), quien dio a conocer una serie de medidas que se aplicar\u00e1n desde [&hellip;]<\/p>\n","protected":false},"author":4,"featured_media":16318,"comment_status":"open","ping_status":"open","sticky":false,"template":"","format":"standard","meta":{"om_disable_all_campaigns":false,"_monsterinsights_skip_tracking":false,"_monsterinsights_sitenote_active":false,"_monsterinsights_sitenote_note":"","_monsterinsights_sitenote_category":0,"footnotes":""},"categories":[176],"tags":[],"class_list":["post-16315","post","type-post","status-publish","format-standard","has-post-thumbnail","hentry","category-nacional"],"amp_enabled":true,"_links":{"self":[{"href":"https:\/\/lahora.mx\/index.php\/wp-json\/wp\/v2\/posts\/16315","targetHints":{"allow":["GET"]}}],"collection":[{"href":"https:\/\/lahora.mx\/index.php\/wp-json\/wp\/v2\/posts"}],"about":[{"href":"https:\/\/lahora.mx\/index.php\/wp-json\/wp\/v2\/types\/post"}],"author":[{"embeddable":true,"href":"https:\/\/lahora.mx\/index.php\/wp-json\/wp\/v2\/users\/4"}],"replies":[{"embeddable":true,"href":"https:\/\/lahora.mx\/index.php\/wp-json\/wp\/v2\/comments?post=16315"}],"version-history":[{"count":1,"href":"https:\/\/lahora.mx\/index.php\/wp-json\/wp\/v2\/posts\/16315\/revisions"}],"predecessor-version":[{"id":16319,"href":"https:\/\/lahora.mx\/index.php\/wp-json\/wp\/v2\/posts\/16315\/revisions\/16319"}],"wp:featuredmedia":[{"embeddable":true,"href":"https:\/\/lahora.mx\/index.php\/wp-json\/wp\/v2\/media\/16318"}],"wp:attachment":[{"href":"https:\/\/lahora.mx\/index.php\/wp-json\/wp\/v2\/media?parent=16315"}],"wp:term":[{"taxonomy":"category","embeddable":true,"href":"https:\/\/lahora.mx\/index.php\/wp-json\/wp\/v2\/categories?post=16315"},{"taxonomy":"post_tag","embeddable":true,"href":"https:\/\/lahora.mx\/index.php\/wp-json\/wp\/v2\/tags?post=16315"}],"curies":[{"name":"wp","href":"https:\/\/api.w.org\/{rel}","templated":true}]}}