{"id":16312,"date":"2022-11-13T17:53:11","date_gmt":"2022-11-13T17:53:11","guid":{"rendered":"http:\/\/lahora.mx\/?p=16312"},"modified":"2022-11-13T17:53:12","modified_gmt":"2022-11-13T17:53:12","slug":"el-g20-lanza-fondo-para-prepararse-ante-futuras-pandemias","status":"publish","type":"post","link":"https:\/\/lahora.mx\/index.php\/2022\/11\/13\/el-g20-lanza-fondo-para-prepararse-ante-futuras-pandemias\/","title":{"rendered":"El G20 lanza fondo para prepararse ante futuras pandemias"},"content":{"rendered":"\n<p>Las grandes econom\u00edas del G20 anunciaron el domingo, antes de su cumbre en Indonesia, un fondo de 1.400 millones de d\u00f3lares (igual euros) para prepararse ante futuras pandemias, suma considerada insuficiente por el pa\u00eds que alberga la cumbre.<\/p>\n\n\n\n<p>Durante una conferencia de prensa, el presidente indonesio Joko Wikodo explic\u00f3 que este fondo, en el que participan 24 pa\u00edses, tiene como objetivo \u00abevitar una pandemia y prepararse a ella\u00bb<\/p>\n\n\n\n<p>Pero no es suficiente\u00bb declar\u00f3 Widodo, al estimar que son necesarios 31.000 millones de d\u00f3lares.<\/p>\n\n\n\n<p>Debemos asegurarnos de que la comunidad pueda resistir a una pandemia. Una pandemia no puede segar vidas y romper las articulaciones de la econom\u00eda mundial\u00bb agreg\u00f3.<\/p>\n\n\n\n<p>Este fondo fue lanzado por los ministros de Salud y finanzas del G20 en presencia del director general de la OMS, Tedros Adhanom Ghebreyesus y del presidente del Banco Mundial, David Malpass.<\/p>\n\n\n\n<p>Es considerado como uno de los raros progresos esperados con motivo de la cumbre del G20, que se inicia el martes en la isla indonesia de Bali, y que est\u00e1 marcado por profundas divisiones sobre la guerra en Ucrania.<\/p>\n","protected":false},"excerpt":{"rendered":"<p>Las grandes econom\u00edas del G20 anunciaron el domingo, antes de su cumbre en Indonesia, un fondo de 1.400 millones de d\u00f3lares (igual euros) para prepararse ante futuras pandemias, suma considerada insuficiente por el pa\u00eds que alberga la cumbre. Durante una conferencia de prensa, el presidente indonesio Joko Wikodo explic\u00f3 que este fondo, en el que [&hellip;]<\/p>\n","protected":false},"author":4,"featured_media":16313,"comment_status":"open","ping_status":"open","sticky":false,"template":"","format":"standard","meta":{"om_disable_all_campaigns":false,"_monsterinsights_skip_tracking":false,"_monsterinsights_sitenote_active":false,"_monsterinsights_sitenote_note":"","_monsterinsights_sitenote_category":0,"footnotes":""},"categories":[183],"tags":[],"class_list":["post-16312","post","type-post","status-publish","format-standard","has-post-thumbnail","hentry","category-internacional"],"amp_enabled":true,"_links":{"self":[{"href":"https:\/\/lahora.mx\/index.php\/wp-json\/wp\/v2\/posts\/16312","targetHints":{"allow":["GET"]}}],"collection":[{"href":"https:\/\/lahora.mx\/index.php\/wp-json\/wp\/v2\/posts"}],"about":[{"href":"https:\/\/lahora.mx\/index.php\/wp-json\/wp\/v2\/types\/post"}],"author":[{"embeddable":true,"href":"https:\/\/lahora.mx\/index.php\/wp-json\/wp\/v2\/users\/4"}],"replies":[{"embeddable":true,"href":"https:\/\/lahora.mx\/index.php\/wp-json\/wp\/v2\/comments?post=16312"}],"version-history":[{"count":1,"href":"https:\/\/lahora.mx\/index.php\/wp-json\/wp\/v2\/posts\/16312\/revisions"}],"predecessor-version":[{"id":16314,"href":"https:\/\/lahora.mx\/index.php\/wp-json\/wp\/v2\/posts\/16312\/revisions\/16314"}],"wp:featuredmedia":[{"embeddable":true,"href":"https:\/\/lahora.mx\/index.php\/wp-json\/wp\/v2\/media\/16313"}],"wp:attachment":[{"href":"https:\/\/lahora.mx\/index.php\/wp-json\/wp\/v2\/media?parent=16312"}],"wp:term":[{"taxonomy":"category","embeddable":true,"href":"https:\/\/lahora.mx\/index.php\/wp-json\/wp\/v2\/categories?post=16312"},{"taxonomy":"post_tag","embeddable":true,"href":"https:\/\/lahora.mx\/index.php\/wp-json\/wp\/v2\/tags?post=16312"}],"curies":[{"name":"wp","href":"https:\/\/api.w.org\/{rel}","templated":true}]}}