{"id":16300,"date":"2022-11-13T16:23:51","date_gmt":"2022-11-13T16:23:51","guid":{"rendered":"http:\/\/lahora.mx\/?p=16300"},"modified":"2022-11-13T16:23:51","modified_gmt":"2022-11-13T16:23:51","slug":"hoy-cumple-anos-amlo-y-se-inunda-las-redes-de-felicitaciones-al-mandatario","status":"publish","type":"post","link":"https:\/\/lahora.mx\/index.php\/2022\/11\/13\/hoy-cumple-anos-amlo-y-se-inunda-las-redes-de-felicitaciones-al-mandatario\/","title":{"rendered":"Hoy cumple a\u00f1os AMLO y se inunda las redes de felicitaciones al mandatario"},"content":{"rendered":"\n<p>El presidente de M\u00e9xico, Andr\u00e9s Manuel L\u00f3pez Obrador, celebra este domingo 13 de noviembre su cumplea\u00f1os n\u00famero 69, como era de esperarse las felicitaciones para el mandatario han inundado las redes sociales.<\/p>\n\n\n\n<p>AMLO hab\u00eda adelantado que celebrar\u00eda su cumplea\u00f1os desde Palenque, Chiapas, en un festejo que estar\u00eda acompa\u00f1ado de su familia.<\/p>\n\n\n\n<p>Sin embargo, en redes sociales llueven las felicitaciones para AMLO, pues desde usuarios hasta personajes de la vida pol\u00edtica del pa\u00eds han aprovechado sus cuentas para expresar sus buenos deseos hacia el presidente.<\/p>\n\n\n\n<p>La Jefa de Gobierno de la CDMX, Claudia Sheinbaum aprovech\u00f3 para mandar un mensaje recordando el honor que es para ella estar del lado del presidente.<\/p>\n\n\n\n<p>Por otra parte, el secretario de Relaciones Exteriores, Marcelo Ebrad, tambi\u00e9n public\u00f3 una foto y un mensaje dedicado a AMLO.<\/p>\n\n\n\n<p>Desde la tarde de ayer, AMLO hab\u00eda publicado una fotograf\u00eda junto a sus nietos en la que se\u00f1al\u00f3 que hab\u00edan comenzado a llegar \u201clos acarreados\u201d para el festejo de su cumplea\u00f1os este domingo.<\/p>\n","protected":false},"excerpt":{"rendered":"<p>El presidente de M\u00e9xico, Andr\u00e9s Manuel L\u00f3pez Obrador, celebra este domingo 13 de noviembre su cumplea\u00f1os n\u00famero 69, como era de esperarse las felicitaciones para el mandatario han inundado las redes sociales. AMLO hab\u00eda adelantado que celebrar\u00eda su cumplea\u00f1os desde Palenque, Chiapas, en un festejo que estar\u00eda acompa\u00f1ado de su familia. Sin embargo, en redes [&hellip;]<\/p>\n","protected":false},"author":4,"featured_media":16301,"comment_status":"open","ping_status":"open","sticky":false,"template":"","format":"standard","meta":{"om_disable_all_campaigns":false,"_monsterinsights_skip_tracking":false,"_monsterinsights_sitenote_active":false,"_monsterinsights_sitenote_note":"","_monsterinsights_sitenote_category":0,"footnotes":""},"categories":[176],"tags":[],"class_list":["post-16300","post","type-post","status-publish","format-standard","has-post-thumbnail","hentry","category-nacional"],"amp_enabled":true,"_links":{"self":[{"href":"https:\/\/lahora.mx\/index.php\/wp-json\/wp\/v2\/posts\/16300","targetHints":{"allow":["GET"]}}],"collection":[{"href":"https:\/\/lahora.mx\/index.php\/wp-json\/wp\/v2\/posts"}],"about":[{"href":"https:\/\/lahora.mx\/index.php\/wp-json\/wp\/v2\/types\/post"}],"author":[{"embeddable":true,"href":"https:\/\/lahora.mx\/index.php\/wp-json\/wp\/v2\/users\/4"}],"replies":[{"embeddable":true,"href":"https:\/\/lahora.mx\/index.php\/wp-json\/wp\/v2\/comments?post=16300"}],"version-history":[{"count":1,"href":"https:\/\/lahora.mx\/index.php\/wp-json\/wp\/v2\/posts\/16300\/revisions"}],"predecessor-version":[{"id":16302,"href":"https:\/\/lahora.mx\/index.php\/wp-json\/wp\/v2\/posts\/16300\/revisions\/16302"}],"wp:featuredmedia":[{"embeddable":true,"href":"https:\/\/lahora.mx\/index.php\/wp-json\/wp\/v2\/media\/16301"}],"wp:attachment":[{"href":"https:\/\/lahora.mx\/index.php\/wp-json\/wp\/v2\/media?parent=16300"}],"wp:term":[{"taxonomy":"category","embeddable":true,"href":"https:\/\/lahora.mx\/index.php\/wp-json\/wp\/v2\/categories?post=16300"},{"taxonomy":"post_tag","embeddable":true,"href":"https:\/\/lahora.mx\/index.php\/wp-json\/wp\/v2\/tags?post=16300"}],"curies":[{"name":"wp","href":"https:\/\/api.w.org\/{rel}","templated":true}]}}