{"id":16259,"date":"2022-11-12T02:34:59","date_gmt":"2022-11-12T02:34:59","guid":{"rendered":"http:\/\/lahora.mx\/?p=16259"},"modified":"2022-11-12T02:34:59","modified_gmt":"2022-11-12T02:34:59","slug":"pide-monreal-tolerancia-y-respeto-hacia-la-marcha-en-defensa-del-ine","status":"publish","type":"post","link":"https:\/\/lahora.mx\/index.php\/2022\/11\/12\/pide-monreal-tolerancia-y-respeto-hacia-la-marcha-en-defensa-del-ine\/","title":{"rendered":"Pide Monreal tolerancia y respeto hacia la marcha en defensa del INE"},"content":{"rendered":"\n<p>El presidente de la Junta de Coordinaci\u00f3n Pol\u00edtica del Senado, Ricardo Monreal, dijo que debe existir tolerancia y respeto hacia los participantes de la marcha del pr\u00f3ximo domingo en defensa del INE ante la reforma presidencial en materia electoral.<\/p>\n\n\n\n<p>\u201cHe afirmado que nuestra Constituci\u00f3n consagra la libertad de opini\u00f3n, la libertad de expresi\u00f3n, la libertad de imprenta, la liberta de reuni\u00f3n y la libertad de manifestaci\u00f3n\u201d, dijo al ser cuestionado sobre el tema y las cr\u00edticas hacia dicha manifestaci\u00f3n.<\/p>\n\n\n\n<p>\u201cEntonces, yo creo que el Senado debe de respetar ese elemental derecho consagrado en nuestras garant\u00edas individuales. Yo como senador, respeto mucho ese tipo de expresiones, de la ciudadan\u00eda\u201d, argument\u00f3.<\/p>\n\n\n\n<p>Record\u00f3 que como opositor \u201casist\u00ed a m\u00e1s de cien manifestaciones, por causas, casi siempre defendiendo al movimiento y defendiendo al presidente L\u00f3pez Obrador, en muchas manifestaciones. \u00c9ramos cuestionados, criticados, descalificados; pero nunca dej\u00e9 de hacerlo, porque cre\u00eda en ello y son causas en las que uno debe de respetar\u201d.<\/p>\n\n\n\n<p>El tambi\u00e9n coordinador de Morena, apunt\u00f3 \u201cyo voy a actuar con tolerancia y con respeto, pero obviamente les deseo que haya toda la tranquilidad, cuidado, y que vayan al Z\u00f3calo. No creo que eso sea un problema, que se manifiesten donde quiera y que sea una decisi\u00f3n libre, una manifestaci\u00f3n libre y que sea respetada\u201d.<\/p>\n\n\n\n<p>A pregunta expresa sobre si la defensa del INE es una causa justa de los manifestantes, indic\u00f3 \u201ces un derecho de los ciudadanos a manifestarse. M\u00e9xico as\u00ed es, M\u00e9xico ha sido democr\u00e1tico y esta Ciudad de M\u00e9xico ha sido el epicentro de grandes movilizaciones ciudadanas\u201d.<\/p>\n","protected":false},"excerpt":{"rendered":"<p>El presidente de la Junta de Coordinaci\u00f3n Pol\u00edtica del Senado, Ricardo Monreal, dijo que debe existir tolerancia y respeto hacia los participantes de la marcha del pr\u00f3ximo domingo en defensa del INE ante la reforma presidencial en materia electoral. \u201cHe afirmado que nuestra Constituci\u00f3n consagra la libertad de opini\u00f3n, la libertad de expresi\u00f3n, la libertad [&hellip;]<\/p>\n","protected":false},"author":4,"featured_media":16260,"comment_status":"open","ping_status":"open","sticky":false,"template":"","format":"standard","meta":{"om_disable_all_campaigns":false,"_monsterinsights_skip_tracking":false,"_monsterinsights_sitenote_active":false,"_monsterinsights_sitenote_note":"","_monsterinsights_sitenote_category":0,"footnotes":""},"categories":[176],"tags":[],"class_list":["post-16259","post","type-post","status-publish","format-standard","has-post-thumbnail","hentry","category-nacional"],"amp_enabled":true,"_links":{"self":[{"href":"https:\/\/lahora.mx\/index.php\/wp-json\/wp\/v2\/posts\/16259","targetHints":{"allow":["GET"]}}],"collection":[{"href":"https:\/\/lahora.mx\/index.php\/wp-json\/wp\/v2\/posts"}],"about":[{"href":"https:\/\/lahora.mx\/index.php\/wp-json\/wp\/v2\/types\/post"}],"author":[{"embeddable":true,"href":"https:\/\/lahora.mx\/index.php\/wp-json\/wp\/v2\/users\/4"}],"replies":[{"embeddable":true,"href":"https:\/\/lahora.mx\/index.php\/wp-json\/wp\/v2\/comments?post=16259"}],"version-history":[{"count":1,"href":"https:\/\/lahora.mx\/index.php\/wp-json\/wp\/v2\/posts\/16259\/revisions"}],"predecessor-version":[{"id":16261,"href":"https:\/\/lahora.mx\/index.php\/wp-json\/wp\/v2\/posts\/16259\/revisions\/16261"}],"wp:featuredmedia":[{"embeddable":true,"href":"https:\/\/lahora.mx\/index.php\/wp-json\/wp\/v2\/media\/16260"}],"wp:attachment":[{"href":"https:\/\/lahora.mx\/index.php\/wp-json\/wp\/v2\/media?parent=16259"}],"wp:term":[{"taxonomy":"category","embeddable":true,"href":"https:\/\/lahora.mx\/index.php\/wp-json\/wp\/v2\/categories?post=16259"},{"taxonomy":"post_tag","embeddable":true,"href":"https:\/\/lahora.mx\/index.php\/wp-json\/wp\/v2\/tags?post=16259"}],"curies":[{"name":"wp","href":"https:\/\/api.w.org\/{rel}","templated":true}]}}