{"id":16241,"date":"2022-11-12T00:46:31","date_gmt":"2022-11-12T00:46:31","guid":{"rendered":"http:\/\/lahora.mx\/?p=16241"},"modified":"2022-11-12T00:46:32","modified_gmt":"2022-11-12T00:46:32","slug":"matan-a-policia-en-celaya-guanajuato-reportan-bloqueos-y-autos-incendiados","status":"publish","type":"post","link":"https:\/\/lahora.mx\/index.php\/2022\/11\/12\/matan-a-policia-en-celaya-guanajuato-reportan-bloqueos-y-autos-incendiados\/","title":{"rendered":"Matan a polic\u00eda en Celaya, Guanajuato; reportan bloqueos y autos incendiados"},"content":{"rendered":"\n<p>Un polic\u00eda fue asesinado en Celaya, y varios veh\u00edculos han sido incendiados en diferentes puntos de la zona centro de Guanajuato, creando p\u00e1nico al amanecer de este viernes.<\/p>\n\n\n\n<p>La violencia comenz\u00f3 a suscitarse en la comunidad de Rinc\u00f3n de Tamayo, en torno de las 6 de la ma\u00f1ana sobre la calle Allende, cuando dos elementos de la Polic\u00eda Municipal de Celaya tomaban un caf\u00e9 en un puesto de jugos. S\u00fabitamente un grupo armado dispar\u00f3 contra ellos, asesinando a uno.<\/p>\n\n\n\n<p>Los agresores fueron perseguidos por otras unidades policiacas, desatando enfrentamientos en el entronque de la carretera Celaya \u2013 Salvatierra, as\u00ed como en la entrada a Crespo, sobre el Eje Juan Pablo Segundo, en Celaya. Tres agresores habr\u00edan sido detenidos.<\/p>\n\n\n\n<p>Poco m\u00e1s tarde, en torno de las 8 horas, sujetos armados secuestraron veh\u00edculos y les prendieron fuego. Aunque no hay informaci\u00f3n confirmada al momento, uno de los conductores habr\u00eda sido asesinado.<\/p>\n\n\n\n<p>exp-player-logo<br>Las quemas se registraron en el tr\u00e9bol de Apaseo el Grande, as\u00ed como en la carretera libre Cortazar-Salamanca a la altura de la colonia La Fortaleza y en la carretera Cort\u00e1zar &#8211; Salamanca a la altura de La Estaci\u00f3n.<\/p>\n\n\n\n<p>Los sicarios bloquearon la carretera Juventino Rosas a Celaya, a la altura de la comunidad Franco Tavera, al incendiar un cami\u00f3n.<\/p>\n\n\n\n<p>En Celaya fue quemado otro veh\u00edculo. \u00c9ste ardi\u00f3 en una calle de la colonia Emiliano Zapata.<\/p>\n\n\n\n<p>En la colonia Los Olivos, un chofer de transporte urbano se neg\u00f3 a qu\u00e9 le quitar\u00e1n la unidad para quemarla y le dispararon quit\u00e1ndole la vida.<\/p>\n\n\n\n<p>Autoridades estatales, locales y federales implementaron operativos de seguridad en las ciudades de Celaya y municipios aleda\u00f1os de la zona Laja \u2013 Baj\u00edo, como Juventino Rosas, Villagr\u00e1n Salvatierra, Apaseo el Grande y Apaseo el Alto.<\/p>\n","protected":false},"excerpt":{"rendered":"<p>Un polic\u00eda fue asesinado en Celaya, y varios veh\u00edculos han sido incendiados en diferentes puntos de la zona centro de Guanajuato, creando p\u00e1nico al amanecer de este viernes. La violencia comenz\u00f3 a suscitarse en la comunidad de Rinc\u00f3n de Tamayo, en torno de las 6 de la ma\u00f1ana sobre la calle Allende, cuando dos elementos [&hellip;]<\/p>\n","protected":false},"author":4,"featured_media":16242,"comment_status":"open","ping_status":"open","sticky":false,"template":"","format":"standard","meta":{"om_disable_all_campaigns":false,"_monsterinsights_skip_tracking":false,"_monsterinsights_sitenote_active":false,"_monsterinsights_sitenote_note":"","_monsterinsights_sitenote_category":0,"footnotes":""},"categories":[176],"tags":[195],"class_list":["post-16241","post","type-post","status-publish","format-standard","has-post-thumbnail","hentry","category-nacional","tag-principal"],"amp_enabled":true,"_links":{"self":[{"href":"https:\/\/lahora.mx\/index.php\/wp-json\/wp\/v2\/posts\/16241","targetHints":{"allow":["GET"]}}],"collection":[{"href":"https:\/\/lahora.mx\/index.php\/wp-json\/wp\/v2\/posts"}],"about":[{"href":"https:\/\/lahora.mx\/index.php\/wp-json\/wp\/v2\/types\/post"}],"author":[{"embeddable":true,"href":"https:\/\/lahora.mx\/index.php\/wp-json\/wp\/v2\/users\/4"}],"replies":[{"embeddable":true,"href":"https:\/\/lahora.mx\/index.php\/wp-json\/wp\/v2\/comments?post=16241"}],"version-history":[{"count":1,"href":"https:\/\/lahora.mx\/index.php\/wp-json\/wp\/v2\/posts\/16241\/revisions"}],"predecessor-version":[{"id":16243,"href":"https:\/\/lahora.mx\/index.php\/wp-json\/wp\/v2\/posts\/16241\/revisions\/16243"}],"wp:featuredmedia":[{"embeddable":true,"href":"https:\/\/lahora.mx\/index.php\/wp-json\/wp\/v2\/media\/16242"}],"wp:attachment":[{"href":"https:\/\/lahora.mx\/index.php\/wp-json\/wp\/v2\/media?parent=16241"}],"wp:term":[{"taxonomy":"category","embeddable":true,"href":"https:\/\/lahora.mx\/index.php\/wp-json\/wp\/v2\/categories?post=16241"},{"taxonomy":"post_tag","embeddable":true,"href":"https:\/\/lahora.mx\/index.php\/wp-json\/wp\/v2\/tags?post=16241"}],"curies":[{"name":"wp","href":"https:\/\/api.w.org\/{rel}","templated":true}]}}