{"id":16168,"date":"2022-11-10T22:23:11","date_gmt":"2022-11-10T22:23:11","guid":{"rendered":"http:\/\/lahora.mx\/?p=16168"},"modified":"2022-11-10T22:25:31","modified_gmt":"2022-11-10T22:25:31","slug":"aumenta-a-10-tasa-de-interes-en-banxico-un-maximo-historico","status":"publish","type":"post","link":"https:\/\/lahora.mx\/index.php\/2022\/11\/10\/aumenta-a-10-tasa-de-interes-en-banxico-un-maximo-historico\/","title":{"rendered":"Aumenta a 10% tasa de inter\u00e9s en Banxico, un m\u00e1ximo hist\u00f3rico"},"content":{"rendered":"\n<p>El Banco de M\u00e9xico aument\u00f3 a 10% su tasa de inter\u00e9s interbancaria, considerado un m\u00e1ximo hist\u00f3rico, el cual entrar\u00e1 en vigor a partir de ma\u00f1ana 11 de noviembre de 2022.<\/p>\n\n\n\n<p>La Junta de Gobierno determin\u00f3 aumentar en 75 puntos base su principal tasa de inter\u00e9s al se\u00f1alar que la inflaci\u00f3n mundial se mantiene elevada y persisten riesgos al alza pese a que han dado se\u00f1ales de mitigaci\u00f3n las presiones sobre los precios de bienes primarios y las disrupciones en las cadenas de suministro.<\/p>\n\n\n\n<p>\u201cUn amplio n\u00famero de bancos centrales continu\u00f3 incrementando sus tasas de referencia, algunos en menor magnitud a lo previsto. Se anticipa que dichas tasas permanezcan en niveles altos por un periodo prolongado\u201d, se\u00f1al\u00f3 en un comunicado.<\/p>\n\n\n\n<p>\u00bfCu\u00e1les son los riesgos globales que ve el Banxico?<\/p>\n\n\n\n<p>El Banxico se\u00f1al\u00f3 que las condiciones financieras permanecen \u201capretadas\u201d y que entre los riesgos globales se encuentran:<\/p>\n\n\n\n<p>La pandemia de covid-19<br>Prolongaci\u00f3n de presiones inflacionarias<br>Agravamiento de tensiones geopol\u00edticas<br>Condiciones monetarias y financieras m\u00e1s apretadas<\/p>\n\n\n\n<p>El Banxico destac\u00f3 que el peso se apreci\u00f3, lo que mostr\u00f3 mayor resiliencia que otras monedas, mientras que la econom\u00eda del pa\u00eds contin\u00fao recuper\u00e1ndose en el tercer trimeste y la inflaci\u00f3n general cedi\u00f3 en octubre al ubicarse al 8.41%; sin embargo, la inflaci\u00f3n subyacente continu\u00f3 con su tendencia ascendente y alcanz\u00f3 un nivel de 8.42%.<\/p>\n\n\n\n<p>\u00abTanto la inflaci\u00f3n general como la subyacente han seguido afectadas por las presiones acumuladas derivadas de la pandemia y del conflicto b\u00e9lico. Las expectativas correspondientes para 2022, 2023 y el mediano plazo volvieron a ajustarse al alza. Las de largo plazo se mantuvieron estables, si bien por arriba de la meta\u00bb, puntualiz\u00f3.<\/p>\n\n\n\n<p>Votaron a favor de aumentar a 10% la tasa de inter\u00e9s la gobernadora del Banxico, Victoria Rodr\u00edguez Ceja, Galia Borja G\u00f3mez, Irene Espinosa Cantellano y Jonathan Heath. En tanto, Gerardo Esquivel, propuesto para presidir el Banco Interamericano de Desarrollo, propuso que el aumento fuera de 50 puntos base y llegara a 9.75%.<\/p>\n","protected":false},"excerpt":{"rendered":"<p>El Banco de M\u00e9xico aument\u00f3 a 10% su tasa de inter\u00e9s interbancaria, considerado un m\u00e1ximo hist\u00f3rico, el cual entrar\u00e1 en vigor a partir de ma\u00f1ana 11 de noviembre de 2022. La Junta de Gobierno determin\u00f3 aumentar en 75 puntos base su principal tasa de inter\u00e9s al se\u00f1alar que la inflaci\u00f3n mundial se mantiene elevada y [&hellip;]<\/p>\n","protected":false},"author":4,"featured_media":16169,"comment_status":"open","ping_status":"open","sticky":false,"template":"","format":"standard","meta":{"om_disable_all_campaigns":false,"_monsterinsights_skip_tracking":false,"_monsterinsights_sitenote_active":false,"_monsterinsights_sitenote_note":"","_monsterinsights_sitenote_category":0,"footnotes":""},"categories":[176],"tags":[29,195],"class_list":["post-16168","post","type-post","status-publish","format-standard","has-post-thumbnail","hentry","category-nacional","tag-business","tag-principal"],"amp_enabled":true,"_links":{"self":[{"href":"https:\/\/lahora.mx\/index.php\/wp-json\/wp\/v2\/posts\/16168","targetHints":{"allow":["GET"]}}],"collection":[{"href":"https:\/\/lahora.mx\/index.php\/wp-json\/wp\/v2\/posts"}],"about":[{"href":"https:\/\/lahora.mx\/index.php\/wp-json\/wp\/v2\/types\/post"}],"author":[{"embeddable":true,"href":"https:\/\/lahora.mx\/index.php\/wp-json\/wp\/v2\/users\/4"}],"replies":[{"embeddable":true,"href":"https:\/\/lahora.mx\/index.php\/wp-json\/wp\/v2\/comments?post=16168"}],"version-history":[{"count":1,"href":"https:\/\/lahora.mx\/index.php\/wp-json\/wp\/v2\/posts\/16168\/revisions"}],"predecessor-version":[{"id":16170,"href":"https:\/\/lahora.mx\/index.php\/wp-json\/wp\/v2\/posts\/16168\/revisions\/16170"}],"wp:featuredmedia":[{"embeddable":true,"href":"https:\/\/lahora.mx\/index.php\/wp-json\/wp\/v2\/media\/16169"}],"wp:attachment":[{"href":"https:\/\/lahora.mx\/index.php\/wp-json\/wp\/v2\/media?parent=16168"}],"wp:term":[{"taxonomy":"category","embeddable":true,"href":"https:\/\/lahora.mx\/index.php\/wp-json\/wp\/v2\/categories?post=16168"},{"taxonomy":"post_tag","embeddable":true,"href":"https:\/\/lahora.mx\/index.php\/wp-json\/wp\/v2\/tags?post=16168"}],"curies":[{"name":"wp","href":"https:\/\/api.w.org\/{rel}","templated":true}]}}