{"id":16148,"date":"2022-11-10T20:57:04","date_gmt":"2022-11-10T20:57:04","guid":{"rendered":"http:\/\/lahora.mx\/?p=16148"},"modified":"2022-11-10T20:57:04","modified_gmt":"2022-11-10T20:57:04","slug":"gerardo-esquivel-va-por-el-bid","status":"publish","type":"post","link":"https:\/\/lahora.mx\/index.php\/2022\/11\/10\/gerardo-esquivel-va-por-el-bid\/","title":{"rendered":"Gerardo Esquivel va por el BID"},"content":{"rendered":"\n<p class=\"wp-block-paragraph\">Gerardo Esquivel, actual subgobernador del Banco de M\u00e9xico, ser\u00e1 propuesto para presidir el Banco Interamericano de Desarrollo (BID) el lugar de Alicia B\u00e1rcena, quien declin\u00f3 a ser propuesta debido a un problema de salud de su esposo, confirm\u00f3 el presidente Andr\u00e9s Manuel L\u00f3pez Obrador, quien vio posible que la candidatura prospere debido a la situaci\u00f3n econ\u00f3mica del pa\u00eds.<\/p>\n\n\n\n<p class=\"wp-block-paragraph\">\u00abCreo que por la situaci\u00f3n econ\u00f3mica de M\u00e9xico, que tiene una de las mejores econom\u00edas de Am\u00e9rica, con m\u00e1s estabilidad, con m\u00e1s potencial de crecimiento, con m\u00e1s cercan\u00eda con Canad\u00e1 y Estados Unidos y con muy buenas relaciones con los equipos de Am\u00e9rica Latina y el Caribe tenemos esa posibilidad de que esa candidatura prospere y triunfe Gerardo\u201d, dijo L\u00f3pez Obrador en su conferencia de este 10 de noviembre.<\/p>\n\n\n\n<p class=\"wp-block-paragraph\">El presidente calific\u00f3 a Esquivel como \u201cun buen economista\u201d y destac\u00f3 que es doctor en Econom\u00eda y se gradu\u00f3 en Harvard, por lo que decidi\u00f3 que \u00e9l fuera el nuevo candidato de M\u00e9xico para dirigir el BID.<\/p>\n\n\n\n<p class=\"wp-block-paragraph\">\u00abNosotros lo apoyamos, el secretario de Hacienda, Rogelio Ram\u00edrez de la O es el encargado de ayudar en la promoci\u00f3n de esta candidatura, tambi\u00e9n est\u00e1 ayudando el secretario de Relaciones Exteriores, Marcelo Ebrard, y ya tomamos esa decisi\u00f3n\u201d, dijo.<\/p>\n\n\n\n<p class=\"wp-block-paragraph\">Explic\u00f3 que Alicia B\u00e1rcena, quien ser\u00eda propuesta para el BID, les envi\u00f3 una carta para decirles los motivos por los cuales declinaba la invitaci\u00f3n.<\/p>\n\n\n\n<p class=\"wp-block-paragraph\">\u00abLa hab\u00edamos propuesto a ella pero tiene un asunto familiar, ella est\u00e1 casada con un amigo chileno y a lo mejor voy a cometer una indiscreci\u00f3n y \u00e9l anda mal de salud y ella decidi\u00f3 no participar\u00bb, coment\u00f3.<\/p>\n\n\n\n<p class=\"wp-block-paragraph\">Destac\u00f3 que la exditectora de la Cepal es una \u00abextraordinaria economista\u00bb y dese\u00f3 la pronta recuperaci\u00f3n de su esposo.<\/p>\n\n\n\n<p class=\"wp-block-paragraph\">\u00abMuy buena Alicia, de primera, de los mejores cuadros, de las mejores mujeres profesionales que hay en el pa\u00eds\u00bb, coment\u00f3.<\/p>\n","protected":false},"excerpt":{"rendered":"<p>Gerardo Esquivel, actual subgobernador del Banco de M\u00e9xico, ser\u00e1 propuesto para presidir el Banco Interamericano de Desarrollo (BID) el lugar de Alicia B\u00e1rcena, quien declin\u00f3 a ser propuesta debido a un problema de salud de su esposo, confirm\u00f3 el presidente Andr\u00e9s Manuel L\u00f3pez Obrador, quien vio posible que la candidatura prospere debido a la situaci\u00f3n [&hellip;]<\/p>\n","protected":false},"author":4,"featured_media":16149,"comment_status":"open","ping_status":"open","sticky":false,"template":"","format":"standard","meta":{"om_disable_all_campaigns":false,"_monsterinsights_skip_tracking":false,"footnotes":""},"categories":[176],"tags":[],"class_list":["post-16148","post","type-post","status-publish","format-standard","has-post-thumbnail","hentry","category-nacional"],"amp_enabled":true,"_links":{"self":[{"href":"https:\/\/lahora.mx\/index.php\/wp-json\/wp\/v2\/posts\/16148","targetHints":{"allow":["GET"]}}],"collection":[{"href":"https:\/\/lahora.mx\/index.php\/wp-json\/wp\/v2\/posts"}],"about":[{"href":"https:\/\/lahora.mx\/index.php\/wp-json\/wp\/v2\/types\/post"}],"author":[{"embeddable":true,"href":"https:\/\/lahora.mx\/index.php\/wp-json\/wp\/v2\/users\/4"}],"replies":[{"embeddable":true,"href":"https:\/\/lahora.mx\/index.php\/wp-json\/wp\/v2\/comments?post=16148"}],"version-history":[{"count":1,"href":"https:\/\/lahora.mx\/index.php\/wp-json\/wp\/v2\/posts\/16148\/revisions"}],"predecessor-version":[{"id":16150,"href":"https:\/\/lahora.mx\/index.php\/wp-json\/wp\/v2\/posts\/16148\/revisions\/16150"}],"wp:featuredmedia":[{"embeddable":true,"href":"https:\/\/lahora.mx\/index.php\/wp-json\/wp\/v2\/media\/16149"}],"wp:attachment":[{"href":"https:\/\/lahora.mx\/index.php\/wp-json\/wp\/v2\/media?parent=16148"}],"wp:term":[{"taxonomy":"category","embeddable":true,"href":"https:\/\/lahora.mx\/index.php\/wp-json\/wp\/v2\/categories?post=16148"},{"taxonomy":"post_tag","embeddable":true,"href":"https:\/\/lahora.mx\/index.php\/wp-json\/wp\/v2\/tags?post=16148"}],"curies":[{"name":"wp","href":"https:\/\/api.w.org\/{rel}","templated":true}]}}