{"id":16142,"date":"2022-11-10T01:45:54","date_gmt":"2022-11-10T01:45:54","guid":{"rendered":"http:\/\/lahora.mx\/?p=16142"},"modified":"2022-11-10T01:45:55","modified_gmt":"2022-11-10T01:45:55","slug":"se-analiza-aplicar-cobro-de-parquimetros-durante-fines-de-semana-en-puebla","status":"publish","type":"post","link":"https:\/\/lahora.mx\/index.php\/2022\/11\/10\/se-analiza-aplicar-cobro-de-parquimetros-durante-fines-de-semana-en-puebla\/","title":{"rendered":"Se analiza aplicar cobro de parqu\u00edmetros durante fines de semana en Puebla"},"content":{"rendered":"\n<p>Ante la insistencia de los franeleros por hacer negocios en la zona de parqu\u00edmetros del Centro Hist\u00f3rico, el Ayuntamiento de Puebla analiza la ampliaci\u00f3n del sistema los s\u00e1bados y domingos.<\/p>\n\n\n\n<p>El Gerente de la Ciudad, Ad\u00e1n Dom\u00ednguez S\u00e1nchez, asegur\u00f3 que varios sectores de la comunidad han solicitado incluir los fines de semana en el cobro de los estacionamientos rotativos.<\/p>\n\n\n\n<p>Precis\u00f3 que los viene viene, los s\u00e1bados a las 14:00 horas comienzan a hacer negocio con los automovilistas que se estacionan en el \u00e1rea del Centro Hist\u00f3rico, mientras que los domingos comienzan a realizar cobros indebidos durante todo el d\u00eda.<\/p>\n\n\n\n<p>Subray\u00f3 que analizar\u00e1n cu\u00e1ntas personas visitantes ocupan los cajones esos d\u00edas, al igual que los usuarios locales que se unir\u00e1n a los datos de la administraci\u00f3n municipal para alcanzar un formato id\u00f3neo.<\/p>\n\n\n\n<p>Finalmente, aclar\u00f3 que durante los d\u00edas festivos, el sistema de cobros no aplicar\u00e1 como viene ocurriendo en esas fechas para acompa\u00f1ar a la Ley Federal del Trabajo.<\/p>\n","protected":false},"excerpt":{"rendered":"<p>Ante la insistencia de los franeleros por hacer negocios en la zona de parqu\u00edmetros del Centro Hist\u00f3rico, el Ayuntamiento de Puebla analiza la ampliaci\u00f3n del sistema los s\u00e1bados y domingos. El Gerente de la Ciudad, Ad\u00e1n Dom\u00ednguez S\u00e1nchez, asegur\u00f3 que varios sectores de la comunidad han solicitado incluir los fines de semana en el cobro [&hellip;]<\/p>\n","protected":false},"author":4,"featured_media":16143,"comment_status":"open","ping_status":"open","sticky":false,"template":"","format":"standard","meta":{"om_disable_all_campaigns":false,"_monsterinsights_skip_tracking":false,"_monsterinsights_sitenote_active":false,"_monsterinsights_sitenote_note":"","_monsterinsights_sitenote_category":0,"footnotes":""},"categories":[175],"tags":[195,223],"class_list":["post-16142","post","type-post","status-publish","format-standard","has-post-thumbnail","hentry","category-local","tag-principal","tag-puebla"],"amp_enabled":true,"_links":{"self":[{"href":"https:\/\/lahora.mx\/index.php\/wp-json\/wp\/v2\/posts\/16142","targetHints":{"allow":["GET"]}}],"collection":[{"href":"https:\/\/lahora.mx\/index.php\/wp-json\/wp\/v2\/posts"}],"about":[{"href":"https:\/\/lahora.mx\/index.php\/wp-json\/wp\/v2\/types\/post"}],"author":[{"embeddable":true,"href":"https:\/\/lahora.mx\/index.php\/wp-json\/wp\/v2\/users\/4"}],"replies":[{"embeddable":true,"href":"https:\/\/lahora.mx\/index.php\/wp-json\/wp\/v2\/comments?post=16142"}],"version-history":[{"count":1,"href":"https:\/\/lahora.mx\/index.php\/wp-json\/wp\/v2\/posts\/16142\/revisions"}],"predecessor-version":[{"id":16144,"href":"https:\/\/lahora.mx\/index.php\/wp-json\/wp\/v2\/posts\/16142\/revisions\/16144"}],"wp:featuredmedia":[{"embeddable":true,"href":"https:\/\/lahora.mx\/index.php\/wp-json\/wp\/v2\/media\/16143"}],"wp:attachment":[{"href":"https:\/\/lahora.mx\/index.php\/wp-json\/wp\/v2\/media?parent=16142"}],"wp:term":[{"taxonomy":"category","embeddable":true,"href":"https:\/\/lahora.mx\/index.php\/wp-json\/wp\/v2\/categories?post=16142"},{"taxonomy":"post_tag","embeddable":true,"href":"https:\/\/lahora.mx\/index.php\/wp-json\/wp\/v2\/tags?post=16142"}],"curies":[{"name":"wp","href":"https:\/\/api.w.org\/{rel}","templated":true}]}}