{"id":16139,"date":"2022-11-10T01:30:13","date_gmt":"2022-11-10T01:30:13","guid":{"rendered":"http:\/\/lahora.mx\/?p=16139"},"modified":"2022-11-10T01:30:13","modified_gmt":"2022-11-10T01:30:13","slug":"nicolas-larcamon-ya-no-es-el-director-tecnico-del-puebla","status":"publish","type":"post","link":"https:\/\/lahora.mx\/index.php\/2022\/11\/10\/nicolas-larcamon-ya-no-es-el-director-tecnico-del-puebla\/","title":{"rendered":"Nicol\u00e1s Larcam\u00f3n ya no es el director t\u00e9cnico del Puebla"},"content":{"rendered":"\n<p>Luego de dos a\u00f1os con la instituci\u00f3n, Nicol\u00e1s Larcam\u00f3n dej\u00f3 de ser el director t\u00e9cnico del Puebla de La Franja, as\u00ed lo dio a conocer el club a trav\u00e9s de un comunicado que poste\u00f3 en sus redes sociales.<br>\u201cEl Club Puebla informa que Nicol\u00e1s Larcam\u00f3n ha decidido dejar su cargo como Director T\u00e9cnico de nuestro primer equipo varonil, por as\u00ed convenir a sus intereses.<\/p>\n\n\n\n<p>\u201cAgradecemos el compromiso, empe\u00f1o, pasi\u00f3n y profesionalismo que Nicol\u00e1s mostr\u00f3 a lo largo de los dos a\u00f1os que estuvo al frente de La Franja, en los cuales nuestro equipo logr\u00f3 consolidar una estabilidad e identidad deportiva que nos llev\u00f3 a calificar a cuatro liguillas consecutivas, adem\u00e1s de vivir noches que quedar\u00e1n en la memoria de la afici\u00f3n.<br>\u201cLa instituci\u00f3n se encuentra analizando opciones para dar inicio a una nueva etapa y en los pr\u00f3ximos d\u00edas estaremos informando los detalles. La misi\u00f3n es seguir fortaleciendo esa identidad de la mano de nuestra gente que ha permanecido con el equipo durante sus 78 a\u00f1os de historia; los \u00faltimos torneos son una muestra de que estando unidos, continuaremos creciendo y manteniendo el nombre de Puebla en los lugares que se merece.<\/p>\n\n\n\n<p>\u201c\u00a1Gracias y te deseamos \u00e9xito en lo que venga, Nico!\u201d, hasta aqu\u00ed el comunicado.<\/p>\n","protected":false},"excerpt":{"rendered":"<p>Luego de dos a\u00f1os con la instituci\u00f3n, Nicol\u00e1s Larcam\u00f3n dej\u00f3 de ser el director t\u00e9cnico del Puebla de La Franja, as\u00ed lo dio a conocer el club a trav\u00e9s de un comunicado que poste\u00f3 en sus redes sociales.\u201cEl Club Puebla informa que Nicol\u00e1s Larcam\u00f3n ha decidido dejar su cargo como Director T\u00e9cnico de nuestro primer [&hellip;]<\/p>\n","protected":false},"author":4,"featured_media":16140,"comment_status":"open","ping_status":"open","sticky":false,"template":"","format":"standard","meta":{"om_disable_all_campaigns":false,"_monsterinsights_skip_tracking":false,"_monsterinsights_sitenote_active":false,"_monsterinsights_sitenote_note":"","_monsterinsights_sitenote_category":0,"footnotes":""},"categories":[175,6],"tags":[195,223],"class_list":["post-16139","post","type-post","status-publish","format-standard","has-post-thumbnail","hentry","category-local","category-sports","tag-principal","tag-puebla"],"amp_enabled":true,"_links":{"self":[{"href":"https:\/\/lahora.mx\/index.php\/wp-json\/wp\/v2\/posts\/16139","targetHints":{"allow":["GET"]}}],"collection":[{"href":"https:\/\/lahora.mx\/index.php\/wp-json\/wp\/v2\/posts"}],"about":[{"href":"https:\/\/lahora.mx\/index.php\/wp-json\/wp\/v2\/types\/post"}],"author":[{"embeddable":true,"href":"https:\/\/lahora.mx\/index.php\/wp-json\/wp\/v2\/users\/4"}],"replies":[{"embeddable":true,"href":"https:\/\/lahora.mx\/index.php\/wp-json\/wp\/v2\/comments?post=16139"}],"version-history":[{"count":1,"href":"https:\/\/lahora.mx\/index.php\/wp-json\/wp\/v2\/posts\/16139\/revisions"}],"predecessor-version":[{"id":16141,"href":"https:\/\/lahora.mx\/index.php\/wp-json\/wp\/v2\/posts\/16139\/revisions\/16141"}],"wp:featuredmedia":[{"embeddable":true,"href":"https:\/\/lahora.mx\/index.php\/wp-json\/wp\/v2\/media\/16140"}],"wp:attachment":[{"href":"https:\/\/lahora.mx\/index.php\/wp-json\/wp\/v2\/media?parent=16139"}],"wp:term":[{"taxonomy":"category","embeddable":true,"href":"https:\/\/lahora.mx\/index.php\/wp-json\/wp\/v2\/categories?post=16139"},{"taxonomy":"post_tag","embeddable":true,"href":"https:\/\/lahora.mx\/index.php\/wp-json\/wp\/v2\/tags?post=16139"}],"curies":[{"name":"wp","href":"https:\/\/api.w.org\/{rel}","templated":true}]}}