{"id":16130,"date":"2022-11-10T01:18:22","date_gmt":"2022-11-10T01:18:22","guid":{"rendered":"http:\/\/lahora.mx\/?p=16130"},"modified":"2022-11-10T01:18:23","modified_gmt":"2022-11-10T01:18:23","slug":"conductor-ebrio-en-altepexi-atropella-a-tres-ninos-y-dos-adultos","status":"publish","type":"post","link":"https:\/\/lahora.mx\/index.php\/2022\/11\/10\/conductor-ebrio-en-altepexi-atropella-a-tres-ninos-y-dos-adultos\/","title":{"rendered":"Conductor ebrio en Altepexi atropella a tres ni\u00f1os y dos adultos"},"content":{"rendered":"\n<p>Un hombre de 75 a\u00f1os en estado de ebriedad atropell\u00f3 y mat\u00f3 a tres ni\u00f1os y dos adultos en Altepexi.<\/p>\n\n\n\n<p>Los hechos se registraron en la carretera Tehuac\u00e1n-Teotitl\u00e1n, donde las personas caminaban a la orilla de la carretera cuando el responsable se fue con su camioneta sobre ellos, para luego perder el control y caer al fondo de una barranca.<\/p>\n\n\n\n<p>Param\u00e9dicos acudieron al sitio y reportaron la muerte de los tres ni\u00f1os; asimismo, dos personas m\u00e1s corrieron la misma suerte.<br>El responsable del accidente fue detenido y qued\u00f3 a disposici\u00f3n de las autoridades correspondientes.<\/p>\n","protected":false},"excerpt":{"rendered":"<p>Un hombre de 75 a\u00f1os en estado de ebriedad atropell\u00f3 y mat\u00f3 a tres ni\u00f1os y dos adultos en Altepexi. Los hechos se registraron en la carretera Tehuac\u00e1n-Teotitl\u00e1n, donde las personas caminaban a la orilla de la carretera cuando el responsable se fue con su camioneta sobre ellos, para luego perder el control y caer [&hellip;]<\/p>\n","protected":false},"author":4,"featured_media":16131,"comment_status":"open","ping_status":"open","sticky":false,"template":"","format":"standard","meta":{"om_disable_all_campaigns":false,"_monsterinsights_skip_tracking":false,"_monsterinsights_sitenote_active":false,"_monsterinsights_sitenote_note":"","_monsterinsights_sitenote_category":0,"footnotes":""},"categories":[175,226],"tags":[223],"class_list":["post-16130","post","type-post","status-publish","format-standard","has-post-thumbnail","hentry","category-local","category-policia","tag-puebla"],"amp_enabled":true,"_links":{"self":[{"href":"https:\/\/lahora.mx\/index.php\/wp-json\/wp\/v2\/posts\/16130","targetHints":{"allow":["GET"]}}],"collection":[{"href":"https:\/\/lahora.mx\/index.php\/wp-json\/wp\/v2\/posts"}],"about":[{"href":"https:\/\/lahora.mx\/index.php\/wp-json\/wp\/v2\/types\/post"}],"author":[{"embeddable":true,"href":"https:\/\/lahora.mx\/index.php\/wp-json\/wp\/v2\/users\/4"}],"replies":[{"embeddable":true,"href":"https:\/\/lahora.mx\/index.php\/wp-json\/wp\/v2\/comments?post=16130"}],"version-history":[{"count":1,"href":"https:\/\/lahora.mx\/index.php\/wp-json\/wp\/v2\/posts\/16130\/revisions"}],"predecessor-version":[{"id":16132,"href":"https:\/\/lahora.mx\/index.php\/wp-json\/wp\/v2\/posts\/16130\/revisions\/16132"}],"wp:featuredmedia":[{"embeddable":true,"href":"https:\/\/lahora.mx\/index.php\/wp-json\/wp\/v2\/media\/16131"}],"wp:attachment":[{"href":"https:\/\/lahora.mx\/index.php\/wp-json\/wp\/v2\/media?parent=16130"}],"wp:term":[{"taxonomy":"category","embeddable":true,"href":"https:\/\/lahora.mx\/index.php\/wp-json\/wp\/v2\/categories?post=16130"},{"taxonomy":"post_tag","embeddable":true,"href":"https:\/\/lahora.mx\/index.php\/wp-json\/wp\/v2\/tags?post=16130"}],"curies":[{"name":"wp","href":"https:\/\/api.w.org\/{rel}","templated":true}]}}