{"id":16104,"date":"2022-11-09T17:34:23","date_gmt":"2022-11-09T17:34:23","guid":{"rendered":"http:\/\/lahora.mx\/?p=16104"},"modified":"2022-11-09T17:34:23","modified_gmt":"2022-11-09T17:34:23","slug":"audio-revela-la-compra-de-estefan-chidiac-a-alito-por-su-diputacion-plurinominal","status":"publish","type":"post","link":"https:\/\/lahora.mx\/index.php\/2022\/11\/09\/audio-revela-la-compra-de-estefan-chidiac-a-alito-por-su-diputacion-plurinominal\/","title":{"rendered":"Audio revela la compra de Estefan Chidiac  a \u2018Alito\u2019 por su diputaci\u00f3n plurinominal"},"content":{"rendered":"\n<p class=\"wp-block-paragraph\">El coordinador parlamentario del PRI en el Congreso de Puebla, Jorge Estefan Chidiac, le compr\u00f3 al dirigente nacional del tricolor, Alejandro Moreno C\u00e1rdenas, la diputaci\u00f3n plurinomial con la que lleg\u00f3 a la actual legislatura, seg\u00fan se revel\u00f3 en un audio.<\/p>\n\n\n\n<p class=\"wp-block-paragraph\">La gobernadora de Campeche, Layda Sansores San Rom\u00e1n, public\u00f3 en su programa \u201cMartes del Jaguar\u201d, otro audio en el que se escucha a \u2018Alito\u2019 asegurar que vende diputaciones plurinominales.<br>Entre las personas que las adquirieron se encuentra Estefan Chidiac, quien, seg\u00fan Moreno C\u00e1rdenas, pag\u00f3 a tiempo su cuota luego de que le dijera al actual diputado \u201cvas y pagas cinco ac\u00e1 y pagas cinco all\u00e1\u201d.<\/p>\n\n\n\n<p class=\"wp-block-paragraph\">Adem\u00e1s, en el audio se escucha decir al dirigente nacional del PRI que Estefan Chidiac ha robado, aunque reconoce que no tanto como \u00e9l.<br>Priistas que apoyan a Mier, que no busquen candida\u2026<br>Priistas que apoyan a Mier, que no busquen candidaturas del PRI: Chidiac<br>\u201cEl \u00fanico que ayudo, porque yo le pele\u00e9 para que ayudara en el acuerdo, fue a pagar en la estrategia y todo, fue Estefan. Yo le dije, \u00bfquieres esto (una diputaci\u00f3n plurinominal)? Paga esto\u201d, indica \u2018Alito\u2019.<\/p>\n","protected":false},"excerpt":{"rendered":"<p>El coordinador parlamentario del PRI en el Congreso de Puebla, Jorge Estefan Chidiac, le compr\u00f3 al dirigente nacional del tricolor, Alejandro Moreno C\u00e1rdenas, la diputaci\u00f3n plurinomial con la que lleg\u00f3 a la actual legislatura, seg\u00fan se revel\u00f3 en un audio. La gobernadora de Campeche, Layda Sansores San Rom\u00e1n, public\u00f3 en su programa \u201cMartes del Jaguar\u201d, [&hellip;]<\/p>\n","protected":false},"author":4,"featured_media":16105,"comment_status":"open","ping_status":"open","sticky":false,"template":"","format":"standard","meta":{"om_disable_all_campaigns":false,"_monsterinsights_skip_tracking":false,"footnotes":""},"categories":[175,176],"tags":[195,223],"class_list":["post-16104","post","type-post","status-publish","format-standard","has-post-thumbnail","hentry","category-local","category-nacional","tag-principal","tag-puebla"],"amp_enabled":true,"_links":{"self":[{"href":"https:\/\/lahora.mx\/index.php\/wp-json\/wp\/v2\/posts\/16104","targetHints":{"allow":["GET"]}}],"collection":[{"href":"https:\/\/lahora.mx\/index.php\/wp-json\/wp\/v2\/posts"}],"about":[{"href":"https:\/\/lahora.mx\/index.php\/wp-json\/wp\/v2\/types\/post"}],"author":[{"embeddable":true,"href":"https:\/\/lahora.mx\/index.php\/wp-json\/wp\/v2\/users\/4"}],"replies":[{"embeddable":true,"href":"https:\/\/lahora.mx\/index.php\/wp-json\/wp\/v2\/comments?post=16104"}],"version-history":[{"count":1,"href":"https:\/\/lahora.mx\/index.php\/wp-json\/wp\/v2\/posts\/16104\/revisions"}],"predecessor-version":[{"id":16106,"href":"https:\/\/lahora.mx\/index.php\/wp-json\/wp\/v2\/posts\/16104\/revisions\/16106"}],"wp:featuredmedia":[{"embeddable":true,"href":"https:\/\/lahora.mx\/index.php\/wp-json\/wp\/v2\/media\/16105"}],"wp:attachment":[{"href":"https:\/\/lahora.mx\/index.php\/wp-json\/wp\/v2\/media?parent=16104"}],"wp:term":[{"taxonomy":"category","embeddable":true,"href":"https:\/\/lahora.mx\/index.php\/wp-json\/wp\/v2\/categories?post=16104"},{"taxonomy":"post_tag","embeddable":true,"href":"https:\/\/lahora.mx\/index.php\/wp-json\/wp\/v2\/tags?post=16104"}],"curies":[{"name":"wp","href":"https:\/\/api.w.org\/{rel}","templated":true}]}}