{"id":15995,"date":"2022-11-07T15:59:03","date_gmt":"2022-11-07T15:59:03","guid":{"rendered":"http:\/\/lahora.mx\/?p=15995"},"modified":"2022-11-07T15:59:04","modified_gmt":"2022-11-07T15:59:04","slug":"grados-escolares-no-desaparecen-en-plan-de-estudios-menciona-sep","status":"publish","type":"post","link":"https:\/\/lahora.mx\/index.php\/2022\/11\/07\/grados-escolares-no-desaparecen-en-plan-de-estudios-menciona-sep\/","title":{"rendered":"Grados escolares no desaparecen en plan de estudios menciona SEP"},"content":{"rendered":"\n<p class=\"wp-block-paragraph\">La secretaria de Educaci\u00f3n P\u00fablica, Leticia Ram\u00edrez Amaya, insisti\u00f3 en que los grados escolares no desaparecen en el plan de estudios para educaci\u00f3n primaria.<\/p>\n\n\n\n<p class=\"wp-block-paragraph\">Explic\u00f3 que los grados escolares se agrupan en fases y enfatiz\u00f3 que la autonom\u00eda curricular est\u00e1 garantizada al ser uno de los componentes m\u00e1s significativos dentro del proceso de ense\u00f1anza-aprendizaje.<br>La funcionaria asever\u00f3 que la pol\u00edtica educativa que impulsa el gobierno del presidente Andr\u00e9s Manuel L\u00f3pez Obrador coloca a ni\u00f1as, ni\u00f1os y adolescentes al centro del sistema educativo.<\/p>\n\n\n\n<p class=\"wp-block-paragraph\">En Nuevo Le\u00f3n, Ram\u00edrez visit\u00f3 planteles escolares de Educaci\u00f3n B\u00e1sica y Normal, para conocer las opiniones y propuestas del personal educativo sobre el modelo curricular que plantea la SEP para ambos niveles de ense\u00f1anza.<\/p>\n\n\n\n<p class=\"wp-block-paragraph\">En la Escuela Normal Miguel F. Mart\u00ednez, en Monterrey, expres\u00f3 a docentes y estudiantes las ventajas de los nuevos planes de estudio para la Educaci\u00f3n Normal, dise\u00f1ados con enfoque de educaci\u00f3n comunitaria y para el fortalecimiento de la investigaci\u00f3n e innovaci\u00f3n de la pr\u00e1ctica docente.<\/p>\n","protected":false},"excerpt":{"rendered":"<p>La secretaria de Educaci\u00f3n P\u00fablica, Leticia Ram\u00edrez Amaya, insisti\u00f3 en que los grados escolares no desaparecen en el plan de estudios para educaci\u00f3n primaria. Explic\u00f3 que los grados escolares se agrupan en fases y enfatiz\u00f3 que la autonom\u00eda curricular est\u00e1 garantizada al ser uno de los componentes m\u00e1s significativos dentro del proceso de ense\u00f1anza-aprendizaje.La funcionaria [&hellip;]<\/p>\n","protected":false},"author":4,"featured_media":15996,"comment_status":"open","ping_status":"open","sticky":false,"template":"","format":"standard","meta":{"om_disable_all_campaigns":false,"_monsterinsights_skip_tracking":false,"_monsterinsights_sitenote_active":false,"_monsterinsights_sitenote_note":"","_monsterinsights_sitenote_category":0,"footnotes":""},"categories":[176],"tags":[195],"class_list":["post-15995","post","type-post","status-publish","format-standard","has-post-thumbnail","hentry","category-nacional","tag-principal"],"amp_enabled":true,"_links":{"self":[{"href":"https:\/\/lahora.mx\/index.php\/wp-json\/wp\/v2\/posts\/15995","targetHints":{"allow":["GET"]}}],"collection":[{"href":"https:\/\/lahora.mx\/index.php\/wp-json\/wp\/v2\/posts"}],"about":[{"href":"https:\/\/lahora.mx\/index.php\/wp-json\/wp\/v2\/types\/post"}],"author":[{"embeddable":true,"href":"https:\/\/lahora.mx\/index.php\/wp-json\/wp\/v2\/users\/4"}],"replies":[{"embeddable":true,"href":"https:\/\/lahora.mx\/index.php\/wp-json\/wp\/v2\/comments?post=15995"}],"version-history":[{"count":1,"href":"https:\/\/lahora.mx\/index.php\/wp-json\/wp\/v2\/posts\/15995\/revisions"}],"predecessor-version":[{"id":15997,"href":"https:\/\/lahora.mx\/index.php\/wp-json\/wp\/v2\/posts\/15995\/revisions\/15997"}],"wp:featuredmedia":[{"embeddable":true,"href":"https:\/\/lahora.mx\/index.php\/wp-json\/wp\/v2\/media\/15996"}],"wp:attachment":[{"href":"https:\/\/lahora.mx\/index.php\/wp-json\/wp\/v2\/media?parent=15995"}],"wp:term":[{"taxonomy":"category","embeddable":true,"href":"https:\/\/lahora.mx\/index.php\/wp-json\/wp\/v2\/categories?post=15995"},{"taxonomy":"post_tag","embeddable":true,"href":"https:\/\/lahora.mx\/index.php\/wp-json\/wp\/v2\/tags?post=15995"}],"curies":[{"name":"wp","href":"https:\/\/api.w.org\/{rel}","templated":true}]}}