{"id":15967,"date":"2022-11-07T02:10:57","date_gmt":"2022-11-07T02:10:57","guid":{"rendered":"http:\/\/lahora.mx\/?p=15967"},"modified":"2022-11-07T02:10:58","modified_gmt":"2022-11-07T02:10:58","slug":"pensionados-salen-afectados-con-la-inflacion","status":"publish","type":"post","link":"https:\/\/lahora.mx\/index.php\/2022\/11\/07\/pensionados-salen-afectados-con-la-inflacion\/","title":{"rendered":"Pensionados salen afectados con la inflaci\u00f3n"},"content":{"rendered":"\n<p class=\"wp-block-paragraph\">Especialistas coinciden que la alta inflaci\u00f3n es uno de los fen\u00f3menos que m\u00e1s pueden afectar, en el mediano y largo plazo, a las pensiones de los trabajadores.<\/p>\n\n\n\n<p class=\"wp-block-paragraph\">La inflaci\u00f3n contin\u00faa lejos del objetivo del Banco de M\u00e9xico (Banxico), durante la primera quincena de octubre el \u00cdndice Nacional de Precios al Consumidor (INPC) se situ\u00f3 en 8.53 por ciento.<\/p>\n\n\n\n<p class=\"wp-block-paragraph\">Especialistas coinciden que dicho indicador es uno de los fen\u00f3menos que m\u00e1s pueden afectar, en el mediano y largo plazo, las pensiones de los trabajadores.<\/p>\n\n\n\n<p class=\"wp-block-paragraph\">H\u00e9ctor Manuel Maga\u00f1a Rodr\u00edguez, coordinador de An\u00e1lisis e Investigaci\u00f3n del Centro de Investigaci\u00f3n en Econom\u00eda y Negocios del Tecnol\u00f3gico de Monterrey explic\u00f3 que el nivel actual del \u00cdndice Nacional de Precios al Consumidor se est\u00e1 comiendo el poder adquisitivo de los trabajadores que no destinaron parte de su pensi\u00f3n a la inversi\u00f3n.<\/p>\n\n\n\n<p class=\"wp-block-paragraph\">Las personas que reciben una pensi\u00f3n van a ver un incremento en la misma, pero hasta el siguiente a\u00f1o, pero mientras este a\u00f1o como se han ido incrementando los precios, esto les est\u00e1 pegando en su pensi\u00f3n de ahora ya no les alcanza para adquirir los mismos productos en comparaci\u00f3n con el a\u00f1o pasado\u201d, indic\u00f3.<\/p>\n\n\n\n<p class=\"wp-block-paragraph\">Por su parte el contador Rolando Silva Brice\u00f1o Integrante de la Comisi\u00f3n T\u00e9cnica de Seguridad Social del Colegio de Contadores P\u00fablicos de M\u00e9xico, se\u00f1ala que no solo el tema de la inflaci\u00f3n est\u00e1 afectando a las pensiones si no tambi\u00e9n para quien apenas est\u00e9n pensando en jubilarse sufrir\u00e1 el efecto de las minusval\u00edas que han tenido las afores.<br>\u201cEl dinero que ya tienes l\u00edquido est\u00e1 perdiendo su poder adquisitivo, pero tambi\u00e9n quien tuviera que hacer retiros parciales a su afore o est\u00e9 pr\u00f3ximo a jubilarse se ver\u00e1 afectado por las minusval\u00edas, ya que recibir\u00e1n menos recursos que le alcanzar\u00e1n para menos\u201c.<\/p>\n","protected":false},"excerpt":{"rendered":"<p>Especialistas coinciden que la alta inflaci\u00f3n es uno de los fen\u00f3menos que m\u00e1s pueden afectar, en el mediano y largo plazo, a las pensiones de los trabajadores. La inflaci\u00f3n contin\u00faa lejos del objetivo del Banco de M\u00e9xico (Banxico), durante la primera quincena de octubre el \u00cdndice Nacional de Precios al Consumidor (INPC) se situ\u00f3 en [&hellip;]<\/p>\n","protected":false},"author":4,"featured_media":15968,"comment_status":"open","ping_status":"open","sticky":false,"template":"","format":"standard","meta":{"om_disable_all_campaigns":false,"_monsterinsights_skip_tracking":false,"_monsterinsights_sitenote_active":false,"_monsterinsights_sitenote_note":"","_monsterinsights_sitenote_category":0,"footnotes":""},"categories":[176],"tags":[],"class_list":["post-15967","post","type-post","status-publish","format-standard","has-post-thumbnail","hentry","category-nacional"],"amp_enabled":true,"_links":{"self":[{"href":"https:\/\/lahora.mx\/index.php\/wp-json\/wp\/v2\/posts\/15967","targetHints":{"allow":["GET"]}}],"collection":[{"href":"https:\/\/lahora.mx\/index.php\/wp-json\/wp\/v2\/posts"}],"about":[{"href":"https:\/\/lahora.mx\/index.php\/wp-json\/wp\/v2\/types\/post"}],"author":[{"embeddable":true,"href":"https:\/\/lahora.mx\/index.php\/wp-json\/wp\/v2\/users\/4"}],"replies":[{"embeddable":true,"href":"https:\/\/lahora.mx\/index.php\/wp-json\/wp\/v2\/comments?post=15967"}],"version-history":[{"count":1,"href":"https:\/\/lahora.mx\/index.php\/wp-json\/wp\/v2\/posts\/15967\/revisions"}],"predecessor-version":[{"id":15969,"href":"https:\/\/lahora.mx\/index.php\/wp-json\/wp\/v2\/posts\/15967\/revisions\/15969"}],"wp:featuredmedia":[{"embeddable":true,"href":"https:\/\/lahora.mx\/index.php\/wp-json\/wp\/v2\/media\/15968"}],"wp:attachment":[{"href":"https:\/\/lahora.mx\/index.php\/wp-json\/wp\/v2\/media?parent=15967"}],"wp:term":[{"taxonomy":"category","embeddable":true,"href":"https:\/\/lahora.mx\/index.php\/wp-json\/wp\/v2\/categories?post=15967"},{"taxonomy":"post_tag","embeddable":true,"href":"https:\/\/lahora.mx\/index.php\/wp-json\/wp\/v2\/tags?post=15967"}],"curies":[{"name":"wp","href":"https:\/\/api.w.org\/{rel}","templated":true}]}}