{"id":15961,"date":"2022-11-06T20:33:29","date_gmt":"2022-11-06T20:33:29","guid":{"rendered":"http:\/\/lahora.mx\/?p=15961"},"modified":"2022-11-06T20:33:29","modified_gmt":"2022-11-06T20:33:29","slug":"se-requieren-8-mdp-para-restaurar-la-iglesia-enterrada-de-zapotitlan","status":"publish","type":"post","link":"https:\/\/lahora.mx\/index.php\/2022\/11\/06\/se-requieren-8-mdp-para-restaurar-la-iglesia-enterrada-de-zapotitlan\/","title":{"rendered":"Se requieren 8 mdp para restaurar la Iglesia Enterrada de Zapotitl\u00e1n"},"content":{"rendered":"\n<p class=\"wp-block-paragraph\">La siguiente etapa del proyecto de rescate de la Iglesia Enterrada en Zapotitl\u00e1n Salinas, templo que data desde el siglo XVIII, requiere de una inversi\u00f3n de ocho millones de pesos los cuales pretenden reunir a trav\u00e9s de la donaci\u00f3n de patrocinadores.<\/p>\n\n\n\n<p class=\"wp-block-paragraph\">La presidenta de \u00abYo Restauro Patrimonio\u00bb, Norma Garc\u00eda Huerta, mencion\u00f3 que no hay fecha para retomar el proyecto pues dependen en su totalidad del recurso, el cual est\u00e1 siendo buscado a trav\u00e9s de patrocinios con empresas, y una vez que se tenga podr\u00e1n iniciar actividades.<\/p>\n\n\n\n<p class=\"wp-block-paragraph\">Destac\u00f3 que para esa etapa pr\u00f3xima descartan ocupar a personas voluntarias, ya que la parte a restaurar requiere de varios meses y el voluntariado solo ha acudido durante algunos d\u00edas, varios de ellos trabajan y dependen de su empleo fijo para poder solventar sus gastos.<\/p>\n\n\n\n<p class=\"wp-block-paragraph\"><br>Norma Garc\u00eda Huerta indic\u00f3 que las \u00e1reas que se van a intervenir corresponden a partes de la pintura y los murales, adem\u00e1s de los bienes inmuebles, proyecto que se ha realizado por fases pues el recurso se consigue poco a poco.<\/p>\n\n\n\n<p class=\"wp-block-paragraph\">La representante extern\u00f3 que hay escombro en un declive que conduce hacia la iglesia, eso favorece a que el agua de lluvia ingrese al inmueble y siga causando da\u00f1os, por lo que se\u00f1al\u00f3 que ese material ser\u00e1 empleado para restaurar otras zonas en el templo y as\u00ed los gastos puedan ser menores.<\/p>\n","protected":false},"excerpt":{"rendered":"<p>La siguiente etapa del proyecto de rescate de la Iglesia Enterrada en Zapotitl\u00e1n Salinas, templo que data desde el siglo XVIII, requiere de una inversi\u00f3n de ocho millones de pesos los cuales pretenden reunir a trav\u00e9s de la donaci\u00f3n de patrocinadores. La presidenta de \u00abYo Restauro Patrimonio\u00bb, Norma Garc\u00eda Huerta, mencion\u00f3 que no hay fecha [&hellip;]<\/p>\n","protected":false},"author":4,"featured_media":15962,"comment_status":"open","ping_status":"open","sticky":false,"template":"","format":"standard","meta":{"om_disable_all_campaigns":false,"_monsterinsights_skip_tracking":false,"footnotes":""},"categories":[1],"tags":[],"class_list":["post-15961","post","type-post","status-publish","format-standard","has-post-thumbnail","hentry","category-sin-categoria"],"amp_enabled":true,"_links":{"self":[{"href":"https:\/\/lahora.mx\/index.php\/wp-json\/wp\/v2\/posts\/15961","targetHints":{"allow":["GET"]}}],"collection":[{"href":"https:\/\/lahora.mx\/index.php\/wp-json\/wp\/v2\/posts"}],"about":[{"href":"https:\/\/lahora.mx\/index.php\/wp-json\/wp\/v2\/types\/post"}],"author":[{"embeddable":true,"href":"https:\/\/lahora.mx\/index.php\/wp-json\/wp\/v2\/users\/4"}],"replies":[{"embeddable":true,"href":"https:\/\/lahora.mx\/index.php\/wp-json\/wp\/v2\/comments?post=15961"}],"version-history":[{"count":1,"href":"https:\/\/lahora.mx\/index.php\/wp-json\/wp\/v2\/posts\/15961\/revisions"}],"predecessor-version":[{"id":15963,"href":"https:\/\/lahora.mx\/index.php\/wp-json\/wp\/v2\/posts\/15961\/revisions\/15963"}],"wp:featuredmedia":[{"embeddable":true,"href":"https:\/\/lahora.mx\/index.php\/wp-json\/wp\/v2\/media\/15962"}],"wp:attachment":[{"href":"https:\/\/lahora.mx\/index.php\/wp-json\/wp\/v2\/media?parent=15961"}],"wp:term":[{"taxonomy":"category","embeddable":true,"href":"https:\/\/lahora.mx\/index.php\/wp-json\/wp\/v2\/categories?post=15961"},{"taxonomy":"post_tag","embeddable":true,"href":"https:\/\/lahora.mx\/index.php\/wp-json\/wp\/v2\/tags?post=15961"}],"curies":[{"name":"wp","href":"https:\/\/api.w.org\/{rel}","templated":true}]}}