{"id":15948,"date":"2022-11-06T19:10:04","date_gmt":"2022-11-06T19:10:04","guid":{"rendered":"http:\/\/lahora.mx\/?p=15948"},"modified":"2022-11-06T19:10:05","modified_gmt":"2022-11-06T19:10:05","slug":"un-aumento-de-salario-del-17-es-lo-que-piden-trabajadores-de-sindicato-audi","status":"publish","type":"post","link":"https:\/\/lahora.mx\/index.php\/2022\/11\/06\/un-aumento-de-salario-del-17-es-lo-que-piden-trabajadores-de-sindicato-audi\/","title":{"rendered":"Un aumento de salario del 17% es lo que piden trabajadores de Sindicato Audi"},"content":{"rendered":"\n<p>Los integrantes del Sindicato Independiente de Trabajadores de Audi M\u00e9xico (Sitaudi) iniciaron sus asambleas divisionales para la negociaci\u00f3n del aumento de salario para 2023 y que de acuerdo con algunas fuentes al interior de la empresa se busca que sea de dos d\u00edgitos.<\/p>\n\n\n\n<p>Las asambleas comenzaron en el auditorio del sindicato de Telefonistas, ubicado en la capital poblana, donde los trabajadores buscan definir la solicitud de incremento al salario que ser\u00e1 presentada a la empresa Audi M\u00e9xico.<\/p>\n\n\n\n<p>Con gran afluencia acudieron trabajadores de las cuatro divisiones de la planta automotriz: personal de prensas y carrocer\u00eda, log\u00edstica, calidad y preseries, as\u00ed como de pintura y montaje.<br>Aunque el evento estuvo cerrado a los medios de comunicaci\u00f3n, trascendi\u00f3 que la divisi\u00f3n de Prensas y Carrocer\u00edas de la planta alemana instalada en San Jos\u00e9 Chiapa, exige un aumento salarial del 17 por ciento.<\/p>\n\n\n\n<p>Tambi\u00e9n, se sabe que, durante la primera asamblea divisional, el secretario general de Sitaudi, C\u00e9sar Orta Briones, present\u00f3 el emplazamiento a huelga que recibi\u00f3 por parte del Centro Federal del Trabajo, el cual est\u00e1 programado para el 16 de noviembre, a las 11:00 horas, en caso de que no se llegue a un acuerdo con la empresa.<\/p>\n\n\n\n<p>L\u00edder destaca logros sindicales<br>Adem\u00e1s, durante la presentaci\u00f3n de su segundo informe, el l\u00edder de los sindicalizados destac\u00f3 como parte de sus logros est\u00e1 el retiro del descuento de paros t\u00e9cnicos al aguinaldo; que el aguinaldo pasara de 20 a 22 d\u00edas de salario, a partir del 2023.<\/p>\n\n\n\n<p>Tambi\u00e9n, el l\u00edder sindical destac\u00f3 que, desde el 1 de enero, el fondo de ahorro pas\u00f3 de 1.4 por ciento a 2 por ciento a la semana; se mejor\u00f3 la calidad del calzado, se estableci\u00f3 un nuevo d\u00eda festivo que es el 31 de diciembre; y se ha solicitado a los directivos de Audi que se instale un Oxxo dentro de la empresa.<\/p>\n\n\n\n<p>As\u00ed la fecha l\u00edmite para llegar a un acuerdo salarial entre Audi M\u00e9xico y los trabajadores de Sitaudi es el 15 de diciembre de 2022, para que la modificaci\u00f3n al salario pueda aplicar a partir del 1 de enero de 2023. Cabe recordar que el \u00faltimo aumento salarial fue gestionado en 2019 por el exsecretario general del sindicato, \u00c1lvaro L\u00f3pez V\u00e1zquez y fue del 5.4 por ciento directo al salario y de 1.6 por ciento para prestaciones, el cual tendr\u00eda vigencia durante 2020, 2021 y 2022.<\/p>\n","protected":false},"excerpt":{"rendered":"<p>Los integrantes del Sindicato Independiente de Trabajadores de Audi M\u00e9xico (Sitaudi) iniciaron sus asambleas divisionales para la negociaci\u00f3n del aumento de salario para 2023 y que de acuerdo con algunas fuentes al interior de la empresa se busca que sea de dos d\u00edgitos. Las asambleas comenzaron en el auditorio del sindicato de Telefonistas, ubicado en [&hellip;]<\/p>\n","protected":false},"author":4,"featured_media":15949,"comment_status":"open","ping_status":"open","sticky":false,"template":"","format":"standard","meta":{"om_disable_all_campaigns":false,"_monsterinsights_skip_tracking":false,"_monsterinsights_sitenote_active":false,"_monsterinsights_sitenote_note":"","_monsterinsights_sitenote_category":0,"footnotes":""},"categories":[175],"tags":[223],"class_list":["post-15948","post","type-post","status-publish","format-standard","has-post-thumbnail","hentry","category-local","tag-puebla"],"amp_enabled":true,"_links":{"self":[{"href":"https:\/\/lahora.mx\/index.php\/wp-json\/wp\/v2\/posts\/15948","targetHints":{"allow":["GET"]}}],"collection":[{"href":"https:\/\/lahora.mx\/index.php\/wp-json\/wp\/v2\/posts"}],"about":[{"href":"https:\/\/lahora.mx\/index.php\/wp-json\/wp\/v2\/types\/post"}],"author":[{"embeddable":true,"href":"https:\/\/lahora.mx\/index.php\/wp-json\/wp\/v2\/users\/4"}],"replies":[{"embeddable":true,"href":"https:\/\/lahora.mx\/index.php\/wp-json\/wp\/v2\/comments?post=15948"}],"version-history":[{"count":1,"href":"https:\/\/lahora.mx\/index.php\/wp-json\/wp\/v2\/posts\/15948\/revisions"}],"predecessor-version":[{"id":15950,"href":"https:\/\/lahora.mx\/index.php\/wp-json\/wp\/v2\/posts\/15948\/revisions\/15950"}],"wp:featuredmedia":[{"embeddable":true,"href":"https:\/\/lahora.mx\/index.php\/wp-json\/wp\/v2\/media\/15949"}],"wp:attachment":[{"href":"https:\/\/lahora.mx\/index.php\/wp-json\/wp\/v2\/media?parent=15948"}],"wp:term":[{"taxonomy":"category","embeddable":true,"href":"https:\/\/lahora.mx\/index.php\/wp-json\/wp\/v2\/categories?post=15948"},{"taxonomy":"post_tag","embeddable":true,"href":"https:\/\/lahora.mx\/index.php\/wp-json\/wp\/v2\/tags?post=15948"}],"curies":[{"name":"wp","href":"https:\/\/api.w.org\/{rel}","templated":true}]}}