{"id":15928,"date":"2022-11-05T23:57:05","date_gmt":"2022-11-05T23:57:05","guid":{"rendered":"http:\/\/lahora.mx\/?p=15928"},"modified":"2022-11-06T00:19:42","modified_gmt":"2022-11-06T00:19:42","slug":"huamantla-enamora-y-cuativa-con-su-festival-de-vida-y-muerte","status":"publish","type":"post","link":"https:\/\/lahora.mx\/index.php\/2022\/11\/05\/huamantla-enamora-y-cuativa-con-su-festival-de-vida-y-muerte\/","title":{"rendered":"Huamantla enamora y cuativa con su festival de \u00abVida y Muerte\u00bb"},"content":{"rendered":"\n<p>Con una demostraci\u00f3n de talento y creatividad, los artesanos huamantlecos presentaron en el 16vo. \u201cFestival de Tradiciones de Vida y Muerte\u201d, en Xcaret Quintana Roo, la esencia de su arte que ha convertido a Huamantla en el coraz\u00f3n cultural de M\u00e9xico.<\/p>\n\n\n\n<p>El presidente municipal Salvador Santos Cedillo, destac\u00f3 la participaci\u00f3n del Pueblo M\u00e1gico en uno de los eventos de mayor trascendencia a nivel nacional e internacional, donde se recibieron m\u00e1s de 50 mil personas durante las festividades del D\u00eda de Muertos.<\/p>\n\n\n\n<figure class=\"wp-block-image size-full\"><img fetchpriority=\"high\" decoding=\"async\" width=\"939\" height=\"620\" src=\"https:\/\/lahora.mx\/wp-content\/uploads\/2022\/11\/Captura-de-pantalla-2022-11-05-a-las-17.55.25.png\" alt=\"\" class=\"wp-image-15929\" srcset=\"https:\/\/lahora.mx\/wp-content\/uploads\/2022\/11\/Captura-de-pantalla-2022-11-05-a-las-17.55.25.png 939w, https:\/\/lahora.mx\/wp-content\/uploads\/2022\/11\/Captura-de-pantalla-2022-11-05-a-las-17.55.25-300x198.png 300w, https:\/\/lahora.mx\/wp-content\/uploads\/2022\/11\/Captura-de-pantalla-2022-11-05-a-las-17.55.25-768x507.png 768w\" sizes=\"(max-width: 939px) 100vw, 939px\" \/><\/figure>\n\n\n\n<p>\u201cNuestra administraci\u00f3n municipal se suma a los esfuerzos que realiza el gobierno de Lorena Cu\u00e9llar Cisneros, por resaltar el nombre de Tlaxcala en los escenarios m\u00e1s importantes del pa\u00eds; esto abona a la intensa estrategia de promoci\u00f3n tur\u00edstica que hemos emprendido por Huamantla desde septiembre de 2021\u201d, se\u00f1al\u00f3.<\/p>\n\n\n\n<p>La delegaci\u00f3n de Huamantla se hizo presente con un tapete monumental de aserr\u00edn que gener\u00f3 el asombro de los visitantes al festival -que en esta edici\u00f3n llev\u00f3 por t\u00edtulo \u201cCuerpos de ma\u00edz, almas de luz\u201d-; y con una ofrenda dedicada al titiritero Leandro Rosete Aranda, director y hermano mayor de la compa\u00f1\u00eda de Aut\u00f3matas Nacionales \u00abHermanos Rosete Aranda\u00bb, reconocidos en todo el mundo.<\/p>\n\n\n\n<p>Con un altar de siete pisos decorado con totomoxtle, alfombras y ornamentos de Huamantla, este se convirti\u00f3 en el centro de atenci\u00f3n del lugar.<\/p>\n\n\n\n<p>Adem\u00e1s, se coloc\u00f3 un stand de artesan\u00edas en donde los artesanos de Huamantla enviaron sus productos para tener presencia y ventas durante esta temporada.<\/p>\n\n\n\n<p>En la representaci\u00f3n huamantleca se destaca la participaci\u00f3n de alfombristas, compa\u00f1\u00edas de teatro y de t\u00edteres, quienes a trav\u00e9s de diversas actividades mostraron la tradiciones y cultura del Pueblo M\u00e1gico, que tanto orgullo y pertenencia da a sus habitantes.<\/p>\n\n\n\n<p>Finalmente, el edil Salvador Santos Cedillo, afirm\u00f3 que estas acciones permitieron enaltecer la identidad del Pueblo M\u00e1gico en una de las celebraciones m\u00e1s importantes para todos los mexicanos, en unos de los lugares que se ha convertido en ventana cultural de M\u00e9xico.<\/p>\n","protected":false},"excerpt":{"rendered":"<p>Con una demostraci\u00f3n de talento y creatividad, los artesanos huamantlecos presentaron en el 16vo. \u201cFestival de Tradiciones de Vida y Muerte\u201d, en Xcaret Quintana Roo, la esencia de su arte que ha convertido a Huamantla en el coraz\u00f3n cultural de M\u00e9xico. El presidente municipal Salvador Santos Cedillo, destac\u00f3 la participaci\u00f3n del Pueblo M\u00e1gico en uno [&hellip;]<\/p>\n","protected":false},"author":4,"featured_media":15930,"comment_status":"open","ping_status":"open","sticky":false,"template":"","format":"standard","meta":{"om_disable_all_campaigns":false,"_monsterinsights_skip_tracking":false,"_monsterinsights_sitenote_active":false,"_monsterinsights_sitenote_note":"","_monsterinsights_sitenote_category":0,"footnotes":""},"categories":[3,175],"tags":[195,223,210],"class_list":["post-15928","post","type-post","status-publish","format-standard","has-post-thumbnail","hentry","category-entretenimiento","category-local","tag-principal","tag-puebla","tag-tlaxcala"],"amp_enabled":true,"_links":{"self":[{"href":"https:\/\/lahora.mx\/index.php\/wp-json\/wp\/v2\/posts\/15928","targetHints":{"allow":["GET"]}}],"collection":[{"href":"https:\/\/lahora.mx\/index.php\/wp-json\/wp\/v2\/posts"}],"about":[{"href":"https:\/\/lahora.mx\/index.php\/wp-json\/wp\/v2\/types\/post"}],"author":[{"embeddable":true,"href":"https:\/\/lahora.mx\/index.php\/wp-json\/wp\/v2\/users\/4"}],"replies":[{"embeddable":true,"href":"https:\/\/lahora.mx\/index.php\/wp-json\/wp\/v2\/comments?post=15928"}],"version-history":[{"count":1,"href":"https:\/\/lahora.mx\/index.php\/wp-json\/wp\/v2\/posts\/15928\/revisions"}],"predecessor-version":[{"id":15931,"href":"https:\/\/lahora.mx\/index.php\/wp-json\/wp\/v2\/posts\/15928\/revisions\/15931"}],"wp:featuredmedia":[{"embeddable":true,"href":"https:\/\/lahora.mx\/index.php\/wp-json\/wp\/v2\/media\/15930"}],"wp:attachment":[{"href":"https:\/\/lahora.mx\/index.php\/wp-json\/wp\/v2\/media?parent=15928"}],"wp:term":[{"taxonomy":"category","embeddable":true,"href":"https:\/\/lahora.mx\/index.php\/wp-json\/wp\/v2\/categories?post=15928"},{"taxonomy":"post_tag","embeddable":true,"href":"https:\/\/lahora.mx\/index.php\/wp-json\/wp\/v2\/tags?post=15928"}],"curies":[{"name":"wp","href":"https:\/\/api.w.org\/{rel}","templated":true}]}}