{"id":1591,"date":"2022-01-14T00:57:12","date_gmt":"2022-01-14T00:57:12","guid":{"rendered":"http:\/\/lahora.mx\/?p=1591"},"modified":"2022-01-14T00:57:12","modified_gmt":"2022-01-14T00:57:12","slug":"especialistas-de-corea-del-sur-capacitan-a-policias-municipales-de-san-andres-cholula-en-materia-de-defensa-tactica","status":"publish","type":"post","link":"https:\/\/lahora.mx\/index.php\/2022\/01\/14\/especialistas-de-corea-del-sur-capacitan-a-policias-municipales-de-san-andres-cholula-en-materia-de-defensa-tactica\/","title":{"rendered":"Especialistas de Corea del Sur capacitan a polic\u00edas municipales de San Andr\u00e9s Cholula en materia de defensa t\u00e1ctica"},"content":{"rendered":"<p>Con la finalidad de ofrecer un servicio profesional y de calidad a la ciudadan\u00eda, el Ayuntamiento de San Andr\u00e9s Cholula, a trav\u00e9s de la <strong>Secretar\u00eda de Seguridad P\u00fablica y Protecci\u00f3n Ciudadana<\/strong> , inici\u00f3 con la capacitaci\u00f3n en defensa t\u00e1ctica para los elementos operativos, a cargo de especialistas de <strong>Corea del Sur<\/strong>.<\/p>\n<p>Este curso es denominado \u201c<strong>Capacitaci\u00f3n de T\u00e9cnicas especializadas en Defensa T\u00e1ctica<\/strong>\u201d y es impartido por el Doctor Guillermo Flores T\u00e9llez, Presidente de World Hosin Kwonbub Federation M\u00e9xico y la Maestra Elisa Arisbe Mill\u00e1n Rivera, Presidenta de WH, representaci\u00f3n Puebla. Cabe se\u00f1alar que este esquema es avalado y reconocido por el <strong>Grand Master Lim Sung Hag<\/strong>, Presidente de la Federaci\u00f3n Mundial de <strong>Hosin Kwonbub<\/strong>.<\/p>\n<p><img fetchpriority=\"high\" decoding=\"async\" class=\"alignnone size-medium wp-image-1594\" src=\"https:\/\/lahora.mx\/wp-content\/uploads\/2022\/01\/WhatsApp-Image-2022-01-13-at-4.09.40-PM-225x300.jpeg\" alt=\"\" width=\"225\" height=\"300\" srcset=\"https:\/\/lahora.mx\/wp-content\/uploads\/2022\/01\/WhatsApp-Image-2022-01-13-at-4.09.40-PM-225x300.jpeg 225w, https:\/\/lahora.mx\/wp-content\/uploads\/2022\/01\/WhatsApp-Image-2022-01-13-at-4.09.40-PM.jpeg 768w\" sizes=\"(max-width: 225px) 100vw, 225px\" \/> <img decoding=\"async\" class=\"alignnone size-medium wp-image-1595\" src=\"https:\/\/lahora.mx\/wp-content\/uploads\/2022\/01\/WhatsApp-Image-2022-01-13-at-4.09.39-PM-2-225x300.jpeg\" alt=\"\" width=\"225\" height=\"300\" srcset=\"https:\/\/lahora.mx\/wp-content\/uploads\/2022\/01\/WhatsApp-Image-2022-01-13-at-4.09.39-PM-2-225x300.jpeg 225w, https:\/\/lahora.mx\/wp-content\/uploads\/2022\/01\/WhatsApp-Image-2022-01-13-at-4.09.39-PM-2.jpeg 768w\" sizes=\"(max-width: 225px) 100vw, 225px\" \/><\/p>\n<p>Durante esta capacitaci\u00f3n intensiva, los polic\u00edas municipales perfeccionan las t\u00e9cnicas de defensa personal, bloqueo estrat\u00e9gico, evasi\u00f3n y control de agresiones con armas, entre otras habilidades.<\/p>\n<p>Con estas acciones, el <strong>Ayuntamiento de San Andr\u00e9s Cholula<\/strong>, a trav\u00e9s de la Secretar\u00eda de Seguridad P\u00fablica y Protecci\u00f3n Ciudadana, contin\u00faa trabajando para brindar herramientas de capacitaci\u00f3n al cuerpo policial, y con ello, ofrecer un servicio de calidad a las familias sanandrese\u00f1as.<\/p>\n<p><img decoding=\"async\" class=\"alignnone size-medium wp-image-1596\" src=\"https:\/\/lahora.mx\/wp-content\/uploads\/2022\/01\/WhatsApp-Image-2022-01-13-at-4.09.39-PM-300x225.jpeg\" alt=\"\" width=\"300\" height=\"225\" srcset=\"https:\/\/lahora.mx\/wp-content\/uploads\/2022\/01\/WhatsApp-Image-2022-01-13-at-4.09.39-PM-300x225.jpeg 300w, https:\/\/lahora.mx\/wp-content\/uploads\/2022\/01\/WhatsApp-Image-2022-01-13-at-4.09.39-PM-768x576.jpeg 768w, https:\/\/lahora.mx\/wp-content\/uploads\/2022\/01\/WhatsApp-Image-2022-01-13-at-4.09.39-PM.jpeg 1024w\" sizes=\"(max-width: 300px) 100vw, 300px\" \/><\/p>\n","protected":false},"excerpt":{"rendered":"<p>Con la finalidad de ofrecer un servicio profesional y de calidad a la ciudadan\u00eda, el Ayuntamiento de San Andr\u00e9s Cholula, a trav\u00e9s de la Secretar\u00eda de Seguridad P\u00fablica y Protecci\u00f3n Ciudadana , inici\u00f3 con la capacitaci\u00f3n en defensa t\u00e1ctica para los elementos operativos, a cargo de especialistas de Corea del Sur. Este curso es denominado [&hellip;]<\/p>\n","protected":false},"author":5,"featured_media":1597,"comment_status":"open","ping_status":"open","sticky":false,"template":"","format":"standard","meta":{"om_disable_all_campaigns":false,"_monsterinsights_skip_tracking":false,"_monsterinsights_sitenote_active":false,"_monsterinsights_sitenote_note":"","_monsterinsights_sitenote_category":0,"footnotes":""},"categories":[175],"tags":[223],"class_list":["post-1591","post","type-post","status-publish","format-standard","has-post-thumbnail","hentry","category-local","tag-puebla"],"amp_enabled":true,"_links":{"self":[{"href":"https:\/\/lahora.mx\/index.php\/wp-json\/wp\/v2\/posts\/1591","targetHints":{"allow":["GET"]}}],"collection":[{"href":"https:\/\/lahora.mx\/index.php\/wp-json\/wp\/v2\/posts"}],"about":[{"href":"https:\/\/lahora.mx\/index.php\/wp-json\/wp\/v2\/types\/post"}],"author":[{"embeddable":true,"href":"https:\/\/lahora.mx\/index.php\/wp-json\/wp\/v2\/users\/5"}],"replies":[{"embeddable":true,"href":"https:\/\/lahora.mx\/index.php\/wp-json\/wp\/v2\/comments?post=1591"}],"version-history":[{"count":1,"href":"https:\/\/lahora.mx\/index.php\/wp-json\/wp\/v2\/posts\/1591\/revisions"}],"predecessor-version":[{"id":1598,"href":"https:\/\/lahora.mx\/index.php\/wp-json\/wp\/v2\/posts\/1591\/revisions\/1598"}],"wp:featuredmedia":[{"embeddable":true,"href":"https:\/\/lahora.mx\/index.php\/wp-json\/wp\/v2\/media\/1597"}],"wp:attachment":[{"href":"https:\/\/lahora.mx\/index.php\/wp-json\/wp\/v2\/media?parent=1591"}],"wp:term":[{"taxonomy":"category","embeddable":true,"href":"https:\/\/lahora.mx\/index.php\/wp-json\/wp\/v2\/categories?post=1591"},{"taxonomy":"post_tag","embeddable":true,"href":"https:\/\/lahora.mx\/index.php\/wp-json\/wp\/v2\/tags?post=1591"}],"curies":[{"name":"wp","href":"https:\/\/api.w.org\/{rel}","templated":true}]}}