{"id":15830,"date":"2022-11-03T23:58:55","date_gmt":"2022-11-03T23:58:55","guid":{"rendered":"http:\/\/lahora.mx\/?p=15830"},"modified":"2022-11-03T23:58:56","modified_gmt":"2022-11-03T23:58:56","slug":"gerard-pique-figura-del-barcelona-anuncia-su-retiro-del-futbol","status":"publish","type":"post","link":"https:\/\/lahora.mx\/index.php\/2022\/11\/03\/gerard-pique-figura-del-barcelona-anuncia-su-retiro-del-futbol\/","title":{"rendered":"Gerard Piqu\u00e9, figura del Barcelona, anuncia su retiro del futbol"},"content":{"rendered":"\n<p>El central del Barcelona Gerard Piqu\u00e9 anunci\u00f3 su retirada del futbol y que el partido liguero del pr\u00f3ximo s\u00e1bado ante el Almer\u00eda ser\u00e1 el \u00faltimo encuentro que dispute en el Camp Nou, seg\u00fan confirm\u00f3 en un video publicado en sus redes sociales.<\/p>\n\n\n\n<p>El futbolista dio la noticia en el clip, cuyo contenido lo emiti\u00f3 en su lengua materna, el catal\u00e1n. En este Piqu\u00e9 hizo un recuento hist\u00f3rico de su carrera, desde sus inicios en La Liga Espa\u00f1ola hasta el punto de su decisi\u00f3n de retiro.<\/p>\n\n\n\n<p>La despedida de Piqu\u00e9 del futbol<br>El jugador del azulgrana emiti\u00f3 un agradecimiento general en una de las declaraciones del video y expres\u00f3 que ser futbolista profesional, pero sobre todo, un integrante del club Barcelona, hab\u00eda sido un sue\u00f1o desde la ni\u00f1ez.<\/p>\n\n\n\n<p>\u201cVosotros, culers, me lo hab\u00e9is dado todo, y ahora que los sue\u00f1os de ese ni\u00f1o se han cumplido quiero deciros que es el momento de cerrar este c\u00edrculo. Siempre he dicho que despu\u00e9s del Bar\u00e7a no habr\u00eda otro equipo, y as\u00ed ser\u00e1. Este s\u00e1bado ser\u00e1 mi \u00faltimo partido en el Camp Nou\u201d.<\/p>\n\n\n\n<p>Gerard Piqu\u00e9: Hallan 250 tumbas en terreno del futbolista en Espa\u00f1a<br>Gerard Piqu\u00e9 adquiri\u00f3 un terreno en M\u00e1laga en 2015.<br>Adem\u00e1s de las memorias y reflexiones en torno a su trayectoria, Piqu\u00e9 subray\u00f3 que, despu\u00e9s de su paso por el Bar\u00e7a, no jugar\u00e1 en ning\u00fan otro club. \u201cHe decidido que es el momento de cerrar este ciclo. Siempre he dicho que despu\u00e9s del Bar\u00e7a no habr\u00eda ning\u00fan otro equipo. Y as\u00ed ser\u00e1\u201d, se\u00f1al\u00f3.<\/p>\n\n\n\n<p>Por otra parte, Piqu\u00e9 destac\u00f3 que tras su retirada seguir\u00e1 apoyando al equipo azulgrana con el \u00edmpetu de siempre y prometi\u00f3 \u201cvolver\u201d, sin especificar el sentido de esa \u00faltima frase.<\/p>\n\n\n\n<p>\u201cPasar\u00e9 a ser un culer m\u00e1s, animar\u00e9 al equipo y transmitir\u00e9 el amor por el Bar\u00e7a a mis hijos, tal como mi familia lo hizo conmigo. Tarde o temprano, volver\u00e9\u201d, finaliz\u00f3 en el video.<\/p>\n\n\n\n<p>Piqu\u00e9, de 35 a\u00f1os, pondr\u00e1 fin, as\u00ed, a catorce temporadas en el primer equipo del Barcelona, club en el que se form\u00f3 y al que regres\u00f3 el curso 2008-209 procedente del Manchester United, equipo donde jugaba desde el a\u00f1o 2004.<br>Gerard Piqu\u00e9 en n\u00fameros<br>Algunos de los triunfos que el futbolista catal\u00e1n se llevar\u00e1 tras su retiro son:<\/p>\n\n\n\n<p>1 Mundial<br>1 Premier League<br>4 Champions<br>6 Supercopas de Espa\u00f1a<br>8 Ligas<br>7 Copas del Rey<br>3 Supercopas de Europa<br>1 Eurocopa de Naciones<br>Con informaci\u00f3n de EFE<\/p>\n","protected":false},"excerpt":{"rendered":"<p>El central del Barcelona Gerard Piqu\u00e9 anunci\u00f3 su retirada del futbol y que el partido liguero del pr\u00f3ximo s\u00e1bado ante el Almer\u00eda ser\u00e1 el \u00faltimo encuentro que dispute en el Camp Nou, seg\u00fan confirm\u00f3 en un video publicado en sus redes sociales. El futbolista dio la noticia en el clip, cuyo contenido lo emiti\u00f3 en [&hellip;]<\/p>\n","protected":false},"author":4,"featured_media":15831,"comment_status":"open","ping_status":"open","sticky":false,"template":"","format":"standard","meta":{"om_disable_all_campaigns":false,"_monsterinsights_skip_tracking":false,"_monsterinsights_sitenote_active":false,"_monsterinsights_sitenote_note":"","_monsterinsights_sitenote_category":0,"footnotes":""},"categories":[6],"tags":[142],"class_list":["post-15830","post","type-post","status-publish","format-standard","has-post-thumbnail","hentry","category-sports","tag-sports"],"amp_enabled":true,"_links":{"self":[{"href":"https:\/\/lahora.mx\/index.php\/wp-json\/wp\/v2\/posts\/15830","targetHints":{"allow":["GET"]}}],"collection":[{"href":"https:\/\/lahora.mx\/index.php\/wp-json\/wp\/v2\/posts"}],"about":[{"href":"https:\/\/lahora.mx\/index.php\/wp-json\/wp\/v2\/types\/post"}],"author":[{"embeddable":true,"href":"https:\/\/lahora.mx\/index.php\/wp-json\/wp\/v2\/users\/4"}],"replies":[{"embeddable":true,"href":"https:\/\/lahora.mx\/index.php\/wp-json\/wp\/v2\/comments?post=15830"}],"version-history":[{"count":1,"href":"https:\/\/lahora.mx\/index.php\/wp-json\/wp\/v2\/posts\/15830\/revisions"}],"predecessor-version":[{"id":15832,"href":"https:\/\/lahora.mx\/index.php\/wp-json\/wp\/v2\/posts\/15830\/revisions\/15832"}],"wp:featuredmedia":[{"embeddable":true,"href":"https:\/\/lahora.mx\/index.php\/wp-json\/wp\/v2\/media\/15831"}],"wp:attachment":[{"href":"https:\/\/lahora.mx\/index.php\/wp-json\/wp\/v2\/media?parent=15830"}],"wp:term":[{"taxonomy":"category","embeddable":true,"href":"https:\/\/lahora.mx\/index.php\/wp-json\/wp\/v2\/categories?post=15830"},{"taxonomy":"post_tag","embeddable":true,"href":"https:\/\/lahora.mx\/index.php\/wp-json\/wp\/v2\/tags?post=15830"}],"curies":[{"name":"wp","href":"https:\/\/api.w.org\/{rel}","templated":true}]}}