{"id":15796,"date":"2022-11-03T02:55:45","date_gmt":"2022-11-03T02:55:45","guid":{"rendered":"http:\/\/lahora.mx\/?p=15796"},"modified":"2022-11-03T02:55:47","modified_gmt":"2022-11-03T02:55:47","slug":"percepcion-sobre-reforma-electoral-ha-cambiado-en-dos-meses-lorenzo-cordova","status":"publish","type":"post","link":"https:\/\/lahora.mx\/index.php\/2022\/11\/03\/percepcion-sobre-reforma-electoral-ha-cambiado-en-dos-meses-lorenzo-cordova\/","title":{"rendered":"Percepci\u00f3n sobre reforma electoral ha cambiado en dos meses: Lorenzo C\u00f3rdova\u00a0"},"content":{"rendered":"\n<p class=\"wp-block-paragraph\">El consejero presidente del INE, Lorenzo C\u00f3rdova, y el consejero Ciro Murayama explicaron en sus cuentas de Twitter, que la encuesta dada a conocer este mi\u00e9rcoles se realiz\u00f3 dos meses atr\u00e1s, cuando solo el 27% de los encuestados dijo conocer la propuesta de reforma electoral que se discute en el Congreso.<\/p>\n\n\n\n<p class=\"wp-block-paragraph\">C\u00f3rdova Vianello consider\u00f3 que es \u201calgo normal que cambie la opini\u00f3n p\u00fablica cuando existe m\u00e1s informaci\u00f3n disponible\u201d.<\/p>\n\n\n\n<p class=\"wp-block-paragraph\">En tanto, el consejero Ciro Murayama resalt\u00f3 que dos meses despu\u00e9s de esa encuesta, \u201ccada vez tiene menos apoyo la idea presidencial de sustituir al INE por otro organismo y menciona que encuestas recientes de dos diarios de circulaci\u00f3n nacional muestran que solo el 13% est\u00e1 de acuerdo en desaparecer al INE y 65% se\u00f1ala que no se necesitan cambios.<\/p>\n\n\n\n<p class=\"wp-block-paragraph\">\u201cAs\u00ed que la deliberaci\u00f3n publica de estos dos meses ha permitido: que con informaci\u00f3n se conozcan los riesgos de una reforma electoral regresiva sobre la democracia; que se genere una percepci\u00f3n p\u00fablica m\u00e1s comprometida con la defensa de la autonom\u00eda del INE\u201d escribi\u00f3 Murayama en su cuenta de Twitter.<\/p>\n\n\n\n<p class=\"wp-block-paragraph\">Hay que recordar que la encuesta realizada por BGC se efectu\u00f3 los d\u00edas 9 y 10 de septiembre a 400 personas mayores de 18 a\u00f1os que contaban con un celular.<\/p>\n\n\n\n<p class=\"wp-block-paragraph\">En su cuenta de Twitter, Lorenzo C\u00f3rdova explic\u00f3 que \u201cestas encuestas son encargadas por el INE con regularidad un par de veces al a\u00f1o y son publicadas, invariablemente, en el portal de transparencia del instituto\u201d.<\/p>\n\n\n\n<p class=\"wp-block-paragraph\">Agreg\u00f3 que \u201cdespu\u00e9s de un amplio proceso de deliberaci\u00f3n p\u00fablica como el que ha ocurrido en estas semanas, y al contarse con m\u00e1s informaci\u00f3n, es normal que se modifique la percepci\u00f3n ciudadana respecto a los temas que se consultan en encuestas de opini\u00f3n\u201d.<\/p>\n\n\n\n<p class=\"wp-block-paragraph\">C\u00f3rdova Vianello mencion\u00f3 el ejemplo de que hace dos meses la confianza en el INE era de 67%, seg\u00fan los datos de esa encuesta, pero hoy ha crecido a 73% seg\u00fan un \u00faltimo sondeo realizado.<\/p>\n","protected":false},"excerpt":{"rendered":"<p>El consejero presidente del INE, Lorenzo C\u00f3rdova, y el consejero Ciro Murayama explicaron en sus cuentas de Twitter, que la encuesta dada a conocer este mi\u00e9rcoles se realiz\u00f3 dos meses atr\u00e1s, cuando solo el 27% de los encuestados dijo conocer la propuesta de reforma electoral que se discute en el Congreso. C\u00f3rdova Vianello consider\u00f3 que [&hellip;]<\/p>\n","protected":false},"author":4,"featured_media":15797,"comment_status":"open","ping_status":"open","sticky":false,"template":"","format":"standard","meta":{"om_disable_all_campaigns":false,"_monsterinsights_skip_tracking":false,"_monsterinsights_sitenote_active":false,"_monsterinsights_sitenote_note":"","_monsterinsights_sitenote_category":0,"footnotes":""},"categories":[176],"tags":[],"class_list":["post-15796","post","type-post","status-publish","format-standard","has-post-thumbnail","hentry","category-nacional"],"amp_enabled":true,"_links":{"self":[{"href":"https:\/\/lahora.mx\/index.php\/wp-json\/wp\/v2\/posts\/15796","targetHints":{"allow":["GET"]}}],"collection":[{"href":"https:\/\/lahora.mx\/index.php\/wp-json\/wp\/v2\/posts"}],"about":[{"href":"https:\/\/lahora.mx\/index.php\/wp-json\/wp\/v2\/types\/post"}],"author":[{"embeddable":true,"href":"https:\/\/lahora.mx\/index.php\/wp-json\/wp\/v2\/users\/4"}],"replies":[{"embeddable":true,"href":"https:\/\/lahora.mx\/index.php\/wp-json\/wp\/v2\/comments?post=15796"}],"version-history":[{"count":1,"href":"https:\/\/lahora.mx\/index.php\/wp-json\/wp\/v2\/posts\/15796\/revisions"}],"predecessor-version":[{"id":15798,"href":"https:\/\/lahora.mx\/index.php\/wp-json\/wp\/v2\/posts\/15796\/revisions\/15798"}],"wp:featuredmedia":[{"embeddable":true,"href":"https:\/\/lahora.mx\/index.php\/wp-json\/wp\/v2\/media\/15797"}],"wp:attachment":[{"href":"https:\/\/lahora.mx\/index.php\/wp-json\/wp\/v2\/media?parent=15796"}],"wp:term":[{"taxonomy":"category","embeddable":true,"href":"https:\/\/lahora.mx\/index.php\/wp-json\/wp\/v2\/categories?post=15796"},{"taxonomy":"post_tag","embeddable":true,"href":"https:\/\/lahora.mx\/index.php\/wp-json\/wp\/v2\/tags?post=15796"}],"curies":[{"name":"wp","href":"https:\/\/api.w.org\/{rel}","templated":true}]}}