{"id":15789,"date":"2022-11-03T02:18:01","date_gmt":"2022-11-03T02:18:01","guid":{"rendered":"http:\/\/lahora.mx\/?p=15789"},"modified":"2022-11-03T02:18:02","modified_gmt":"2022-11-03T02:18:02","slug":"fed-aumenta-tasa-en-75-puntos-por-cuarta-vez","status":"publish","type":"post","link":"https:\/\/lahora.mx\/index.php\/2022\/11\/03\/fed-aumenta-tasa-en-75-puntos-por-cuarta-vez\/","title":{"rendered":"Fed aumenta tasa en 75 puntos por cuarta vez"},"content":{"rendered":"\n<p>La Reserva Federal hizo v\u00e1lidos los pron\u00f3sticos del mercado y subi\u00f3 su tasa de inter\u00e9s en 75 puntos base mientras Estados Unidos (como el resto del mundo) combate la peor inflaci\u00f3n vista en d\u00e9cadas.<\/p>\n\n\n\n<p>Con ello, el rango del referencial se ubica en 3.75-4 por ciento, un nivel que no se ve\u00eda desde hace casi 15 a\u00f1os, cuando la tasa de inter\u00e9s ubic\u00f3 en 4.25 por ciento. La decisi\u00f3n fue un\u00e1nime.<\/p>\n\n\n\n<p>Si bien los miembros del Banco Central de EU dejaron claro que las alzas al referencial continuar\u00e1n hasta lograr la meta de inflaci\u00f3n, explicaron que tomaran el \u2018da\u00f1o\u2019 que la medida causa en la econom\u00eda en futuras reuniones.<\/p>\n\n\n\n<p>\u201cAl determinar el ritmo de los aumentos futuros, el Comit\u00e9 tendr\u00e1 en cuenta el endurecimiento acumulativo de la pol\u00edtica monetaria; los rezagos con los que la pol\u00edtica monetaria afecta la actividad econ\u00f3mica, y la inflaci\u00f3n, y la evoluci\u00f3n econ\u00f3mica y financiera\u201d, explicaron en su comunicado.<\/p>\n\n\n\n<p>\u00bfTe quedar\u00e1s sin iPhone en Navidad? Brote de COVID en China cierra f\u00e1brica m\u00e1s grande del mundo<br>La f\u00e1brica de iPhone m\u00e1s grande del mundo se ve afectada por un brote de COVID que ha puesto a 200 mil trabajadores en cuarentena.<br>En opini\u00f3n de la Fed, la guerra de Rusia en Ucrania seguir\u00e1 creando riesgos para la econom\u00eda global y para la inflaci\u00f3n, puntos a los que el comit\u00e9 dar\u00e1 un seguimiento atento.<\/p>\n\n\n\n<p>Esta es la cuarta ocasi\u00f3n en lo que va de 2022 que el Banco Central sube el referencial en 75 puntos base. La tasa de la Fed ha aumentado 325 puntos base en el actual ciclo alcista que arranc\u00f3 en marzo.<\/p>\n\n\n\n<p>A pesar de ello, la inflaci\u00f3n en EU no da se\u00f1ales de ceder: en septiembre, el \u00edndice de precios al consumidor se ubic\u00f3 en 8.2 en septiembre en comparaci\u00f3n con el mismo mes, pero de 2021. A tasa mensual, los precios aumentaron 0.4 por ciento de agosto a septiembre.<\/p>\n\n\n\n<p>El mensaje de la Fed a los mercados en los \u00faltimos meses se resume en que los aumentos a la tasa continuar\u00e1n hasta que la inflaci\u00f3n ceda. Sin embargo, figuras como Joseph Stiglitz, galardonado con el Premio Nobel de Econom\u00eda se\u00f1al\u00f3 que la medida \u201cmatar\u00e1 la econom\u00eda\u201d.<\/p>\n\n\n\n<p>\u201cAumentar la tasa de inter\u00e9s no va a crear m\u00e1s alimento ni m\u00e1s recursos, sino que relocalicemos industrias y mandemos a otros pa\u00edses, lo que ha ocurrido en Estados Unidos y esto hizo empeorar el problema en Estados Unidos, esto no se basa en un buen an\u00e1lisis econ\u00f3mico, sino en una reacci\u00f3n en cadena\u201d, dijo en octubre.<br><\/p>\n\n\n\n<p>En opini\u00f3n de Gerardo Esquivel, subgobernador del Banco Central local, M\u00e9xico est\u00e1 en una mejor posici\u00f3n que EU para lograr la convergencia de la meta de inflaci\u00f3n (3 por ciento, +\/- un punto porcentual).<\/p>\n\n\n\n<p>Al encontrarse en fases distintas del ciclo econ\u00f3mico con presiones inflacionarias muy diferentes, el Banxico podr\u00eda considerar la posibilidad de desacoplar sus aumentos a la tasa de inter\u00e9s con los de la Reserva Federal.<\/p>\n\n\n\n<p>La nueva decisi\u00f3n de pol\u00edtica monetaria del Banxico se dar\u00e1 a conocer el pr\u00f3ximo jueves 10 de noviembre.<\/p>\n","protected":false},"excerpt":{"rendered":"<p>La Reserva Federal hizo v\u00e1lidos los pron\u00f3sticos del mercado y subi\u00f3 su tasa de inter\u00e9s en 75 puntos base mientras Estados Unidos (como el resto del mundo) combate la peor inflaci\u00f3n vista en d\u00e9cadas. Con ello, el rango del referencial se ubica en 3.75-4 por ciento, un nivel que no se ve\u00eda desde hace casi [&hellip;]<\/p>\n","protected":false},"author":4,"featured_media":15790,"comment_status":"open","ping_status":"open","sticky":false,"template":"","format":"standard","meta":{"om_disable_all_campaigns":false,"_monsterinsights_skip_tracking":false,"_monsterinsights_sitenote_active":false,"_monsterinsights_sitenote_note":"","_monsterinsights_sitenote_category":0,"footnotes":""},"categories":[183],"tags":[29],"class_list":["post-15789","post","type-post","status-publish","format-standard","has-post-thumbnail","hentry","category-internacional","tag-business"],"amp_enabled":true,"_links":{"self":[{"href":"https:\/\/lahora.mx\/index.php\/wp-json\/wp\/v2\/posts\/15789","targetHints":{"allow":["GET"]}}],"collection":[{"href":"https:\/\/lahora.mx\/index.php\/wp-json\/wp\/v2\/posts"}],"about":[{"href":"https:\/\/lahora.mx\/index.php\/wp-json\/wp\/v2\/types\/post"}],"author":[{"embeddable":true,"href":"https:\/\/lahora.mx\/index.php\/wp-json\/wp\/v2\/users\/4"}],"replies":[{"embeddable":true,"href":"https:\/\/lahora.mx\/index.php\/wp-json\/wp\/v2\/comments?post=15789"}],"version-history":[{"count":1,"href":"https:\/\/lahora.mx\/index.php\/wp-json\/wp\/v2\/posts\/15789\/revisions"}],"predecessor-version":[{"id":15791,"href":"https:\/\/lahora.mx\/index.php\/wp-json\/wp\/v2\/posts\/15789\/revisions\/15791"}],"wp:featuredmedia":[{"embeddable":true,"href":"https:\/\/lahora.mx\/index.php\/wp-json\/wp\/v2\/media\/15790"}],"wp:attachment":[{"href":"https:\/\/lahora.mx\/index.php\/wp-json\/wp\/v2\/media?parent=15789"}],"wp:term":[{"taxonomy":"category","embeddable":true,"href":"https:\/\/lahora.mx\/index.php\/wp-json\/wp\/v2\/categories?post=15789"},{"taxonomy":"post_tag","embeddable":true,"href":"https:\/\/lahora.mx\/index.php\/wp-json\/wp\/v2\/tags?post=15789"}],"curies":[{"name":"wp","href":"https:\/\/api.w.org\/{rel}","templated":true}]}}