{"id":15764,"date":"2022-11-02T17:46:33","date_gmt":"2022-11-02T17:46:33","guid":{"rendered":"http:\/\/lahora.mx\/?p=15764"},"modified":"2022-11-02T17:46:34","modified_gmt":"2022-11-02T17:46:34","slug":"lisa-se-convierte-en-huracan-categoria-1","status":"publish","type":"post","link":"https:\/\/lahora.mx\/index.php\/2022\/11\/02\/lisa-se-convierte-en-huracan-categoria-1\/","title":{"rendered":"&#8216;Lisa&#8217; se convierte en hurac\u00e1n categor\u00eda 1"},"content":{"rendered":"\n<p class=\"wp-block-paragraph\">La Comisi\u00f3n Nacional del Agua (Conagua) inform\u00f3 que Lisa se intensific\u00f3 a hurac\u00e1n categor\u00eda 1 y su centro se localiza a 100 km al norte de la Isla Roat\u00e1n, Honduras y a 200 kil\u00f3metros al sureste de Puerto Costa Maya, Quintana Roo, sigue su trayectoria en vivo hoy 2 de noviembre de 2022.<\/p>\n\n\n\n<p class=\"wp-block-paragraph\">En el \u00faltimo comunicado, el hurac\u00e1n Lisa presenta vientos m\u00e1ximos sostenidos de 120 km\/h, rachas de 140 km\/h y desplazamiento hacia el oeste a 24 km\/h. Sus bandas nubosas producir\u00e1n lluvias puntuales intensas en Campeche y Quintana Roo, as\u00ed como lluvias muy fuertes en Tabasco, Chiapas y Yucat\u00e1n, dichas lluvias podr\u00edan originar deslaves e inundaciones en zonas bajas e incremento en los niveles de r\u00edos y arroyos; adem\u00e1s se pronostican rachas de viento de 50 a 70 km\/h y oleaje de 2 a 3 metros de altura en las costas de Quintana Roo.<\/p>\n\n\n\n<p class=\"wp-block-paragraph\">Ante el avance de Lisa, las autoridades mexicanas mantienen zona de prevenci\u00f3n por efectos de hurac\u00e1n desde Chetumal hasta Puerto Costa Maya, Q. Roo y se extiende zona de prevenci\u00f3n por efectos de tormenta tropical desde Puerto Costa Maya hasta Punta Allen, Q. Roo.<\/p>\n\n\n\n<p class=\"wp-block-paragraph\">Alerta en Belice por avance del hurac\u00e1n &#8216;Lisa&#8217;<\/p>\n\n\n\n<p class=\"wp-block-paragraph\">Se prev\u00e9 que el hurac\u00e1n Lisa toque tierra hoy 2 de noviembre de 2022 por la tarde noche en Belice y de acuerdo con el Centro Nacional de Huracanes de Estados Unidos est\u00e1 a 165 kil\u00f3metros de la ciudad de Belice.<\/p>\n","protected":false},"excerpt":{"rendered":"<p>La Comisi\u00f3n Nacional del Agua (Conagua) inform\u00f3 que Lisa se intensific\u00f3 a hurac\u00e1n categor\u00eda 1 y su centro se localiza a 100 km al norte de la Isla Roat\u00e1n, Honduras y a 200 kil\u00f3metros al sureste de Puerto Costa Maya, Quintana Roo, sigue su trayectoria en vivo hoy 2 de noviembre de 2022. En el [&hellip;]<\/p>\n","protected":false},"author":4,"featured_media":15765,"comment_status":"open","ping_status":"open","sticky":false,"template":"","format":"standard","meta":{"om_disable_all_campaigns":false,"_monsterinsights_skip_tracking":false,"_monsterinsights_sitenote_active":false,"_monsterinsights_sitenote_note":"","_monsterinsights_sitenote_category":0,"footnotes":""},"categories":[176],"tags":[],"class_list":["post-15764","post","type-post","status-publish","format-standard","has-post-thumbnail","hentry","category-nacional"],"amp_enabled":true,"_links":{"self":[{"href":"https:\/\/lahora.mx\/index.php\/wp-json\/wp\/v2\/posts\/15764","targetHints":{"allow":["GET"]}}],"collection":[{"href":"https:\/\/lahora.mx\/index.php\/wp-json\/wp\/v2\/posts"}],"about":[{"href":"https:\/\/lahora.mx\/index.php\/wp-json\/wp\/v2\/types\/post"}],"author":[{"embeddable":true,"href":"https:\/\/lahora.mx\/index.php\/wp-json\/wp\/v2\/users\/4"}],"replies":[{"embeddable":true,"href":"https:\/\/lahora.mx\/index.php\/wp-json\/wp\/v2\/comments?post=15764"}],"version-history":[{"count":1,"href":"https:\/\/lahora.mx\/index.php\/wp-json\/wp\/v2\/posts\/15764\/revisions"}],"predecessor-version":[{"id":15766,"href":"https:\/\/lahora.mx\/index.php\/wp-json\/wp\/v2\/posts\/15764\/revisions\/15766"}],"wp:featuredmedia":[{"embeddable":true,"href":"https:\/\/lahora.mx\/index.php\/wp-json\/wp\/v2\/media\/15765"}],"wp:attachment":[{"href":"https:\/\/lahora.mx\/index.php\/wp-json\/wp\/v2\/media?parent=15764"}],"wp:term":[{"taxonomy":"category","embeddable":true,"href":"https:\/\/lahora.mx\/index.php\/wp-json\/wp\/v2\/categories?post=15764"},{"taxonomy":"post_tag","embeddable":true,"href":"https:\/\/lahora.mx\/index.php\/wp-json\/wp\/v2\/tags?post=15764"}],"curies":[{"name":"wp","href":"https:\/\/api.w.org\/{rel}","templated":true}]}}