{"id":15755,"date":"2022-11-02T16:28:39","date_gmt":"2022-11-02T16:28:39","guid":{"rendered":"http:\/\/lahora.mx\/?p=15755"},"modified":"2022-11-02T16:28:40","modified_gmt":"2022-11-02T16:28:40","slug":"olvidate-de-tu-cuenta-twitter-no-reactivara-cuentas-bloqueadas-por-ahora","status":"publish","type":"post","link":"https:\/\/lahora.mx\/index.php\/2022\/11\/02\/olvidate-de-tu-cuenta-twitter-no-reactivara-cuentas-bloqueadas-por-ahora\/","title":{"rendered":"Olv\u00eddate de tu cuenta, Twitter no reactivar\u00e1 cuentas bloqueadas por ahora"},"content":{"rendered":"\n<p>Elon Musk dijo este mi\u00e9rcoles que Twitter \u00abno permitir\u00e1\u00bb que ninguna persona que haya sido eliminada de la red social por violar sus reglas regrese a la plataforma hasta que la compa\u00f1\u00eda tenga un proceso claro, lo que tardar\u00e1 \u00abal menos algunas semanas\u00bb.<\/p>\n\n\n\n<p>El magnate que recientemente compr\u00f3 la red por 44 mil millones de d\u00f3lares, adem\u00e1s, dijo en una serie de tuits que:<\/p>\n\n\n\n<p>El consejo de moderaci\u00f3n de contenido de Twitter incluir\u00e1 representantes con puntos de vista muy divergentes, que sin duda incluir\u00e1n a la comunidad de derechos civiles y grupos que enfrentan violencia alimentada por el odio\u00bb.<\/p>\n\n\n\n<p>Antes de comprar la red social, Musk dijo que entre las personas a las que les dar\u00eda la bienvenida Twitter est\u00e1 el ex presidente Donald Trump, a quien la plataforma suspendi\u00f3 indefinidamente despu\u00e9s de vincular los comentarios del pol\u00edtico republicano con el asalto del 6 de enero de 2021 en el Capitolio.<\/p>\n\n\n\n<p>No obstante, el director ejecutivo de Tesla tambi\u00e9n ha dicho en otras ocasiones que Twitter \u201cno puede convertirse en un infierno de todos contra todos, donde se puede decir cualquier cosa sin consecuencias\u201d.<\/p>\n\n\n\n<p>Esta semana, dos grandes empresas publicitarias recomendaron a sus clientes que suspendieran temporalmente su publicidad en Twitter por a las preocupaciones sobre la capacidad de la empresa para monitorear su contenido, seg\u00fan The Wall Street Journal.<\/p>\n\n\n\n<p>Los anuncios representan casi el 90 por ciento de los ingresos totales de Twitter.<\/p>\n\n\n\n<p>Musk ha dicho que su estrategia de mercado para la plataforma es que la red social se vuelva menos dependiente de la publicidad y que se aumenten los ingresos por suscripci\u00f3n.<\/p>\n\n\n\n<p>\u00bfHabr\u00e1 costo por verificaci\u00f3n en Twitter?<\/p>\n\n\n\n<p>El nuevo due\u00f1o de Twitter, Elon Musk, entr\u00f3 con cambios importantes a la red social, entre estos uno que a\u00fan se est\u00e1 planeando, cobrar entre 8 y 20 d\u00f3lares mensuales para mantener una cuenta verificada.<\/p>\n\n\n\n<p>La informaci\u00f3n fue filtrada por medios especializados, quienes se\u00f1alaron que el magnate habr\u00eda dado un ultim\u00e1tum a sus empleados, para introducir el pago por la verificaci\u00f3n o marcharse de la empresa.<\/p>\n\n\n\n<p>PUBLICIDAD<\/p>\n\n\n\n<p>En una serie de tuits, aclar\u00f3 a continuaci\u00f3n que ese precio ser\u00e1 \u00abajustado por pa\u00eds, en proporci\u00f3n al poder adquisitivo\u00bb.<\/p>\n","protected":false},"excerpt":{"rendered":"<p>Elon Musk dijo este mi\u00e9rcoles que Twitter \u00abno permitir\u00e1\u00bb que ninguna persona que haya sido eliminada de la red social por violar sus reglas regrese a la plataforma hasta que la compa\u00f1\u00eda tenga un proceso claro, lo que tardar\u00e1 \u00abal menos algunas semanas\u00bb. El magnate que recientemente compr\u00f3 la red por 44 mil millones de [&hellip;]<\/p>\n","protected":false},"author":4,"featured_media":15756,"comment_status":"open","ping_status":"open","sticky":false,"template":"","format":"standard","meta":{"om_disable_all_campaigns":false,"_monsterinsights_skip_tracking":false,"_monsterinsights_sitenote_active":false,"_monsterinsights_sitenote_note":"","_monsterinsights_sitenote_category":0,"footnotes":""},"categories":[175],"tags":[195,223],"class_list":["post-15755","post","type-post","status-publish","format-standard","has-post-thumbnail","hentry","category-local","tag-principal","tag-puebla"],"amp_enabled":true,"_links":{"self":[{"href":"https:\/\/lahora.mx\/index.php\/wp-json\/wp\/v2\/posts\/15755","targetHints":{"allow":["GET"]}}],"collection":[{"href":"https:\/\/lahora.mx\/index.php\/wp-json\/wp\/v2\/posts"}],"about":[{"href":"https:\/\/lahora.mx\/index.php\/wp-json\/wp\/v2\/types\/post"}],"author":[{"embeddable":true,"href":"https:\/\/lahora.mx\/index.php\/wp-json\/wp\/v2\/users\/4"}],"replies":[{"embeddable":true,"href":"https:\/\/lahora.mx\/index.php\/wp-json\/wp\/v2\/comments?post=15755"}],"version-history":[{"count":1,"href":"https:\/\/lahora.mx\/index.php\/wp-json\/wp\/v2\/posts\/15755\/revisions"}],"predecessor-version":[{"id":15757,"href":"https:\/\/lahora.mx\/index.php\/wp-json\/wp\/v2\/posts\/15755\/revisions\/15757"}],"wp:featuredmedia":[{"embeddable":true,"href":"https:\/\/lahora.mx\/index.php\/wp-json\/wp\/v2\/media\/15756"}],"wp:attachment":[{"href":"https:\/\/lahora.mx\/index.php\/wp-json\/wp\/v2\/media?parent=15755"}],"wp:term":[{"taxonomy":"category","embeddable":true,"href":"https:\/\/lahora.mx\/index.php\/wp-json\/wp\/v2\/categories?post=15755"},{"taxonomy":"post_tag","embeddable":true,"href":"https:\/\/lahora.mx\/index.php\/wp-json\/wp\/v2\/tags?post=15755"}],"curies":[{"name":"wp","href":"https:\/\/api.w.org\/{rel}","templated":true}]}}